{"id":2020,"date":"2022-02-01T11:15:48","date_gmt":"2022-02-01T11:15:48","guid":{"rendered":"https:\/\/www.acidh.org\/areaeducativa\/?p=2020"},"modified":"2022-02-01T11:18:12","modified_gmt":"2022-02-01T11:18:12","slug":"2020","status":"publish","type":"post","link":"https:\/\/acidh.org\/areaeducativa\/general-educativa-es\/2020\/","title":{"rendered":"Celebraci\u00f3n del dia de la Paz"},"content":{"rendered":"<p>El pasado viernes d\u00eda 28 de enero los alumnos de ESO celebraron el d\u00eda de la Paz escolar y la No Violencia.<\/p>\n<p>A lo largo de la jornada los alumnos realizaron diferentes actividades en las que pudieron trabajar conceptos como la violencia, el conflicto y su resoluci\u00f3n.<\/p>\n<p>Los alumnos de primer y segundo curso realizaron una actividad pl\u00e1stica, en el que reconocieron situaciones de violencia creando con todas ellas un \u00abViolenta-virus\u00bb, encontrando despu\u00e9s la vacuna para poder dar respuesta.<\/p>\n<p><a href=\"https:\/\/acidh.org\/areaeducativa\/wp-content\/uploads\/sites\/2\/2022\/02\/eb938c12-c24d-4c47-b545-f9bff0623165.jpg\"><img loading=\"lazy\" decoding=\"async\" class=\"alignnone size-medium wp-image-2012\" src=\"https:\/\/acidh.org\/areaeducativa\/wp-content\/uploads\/sites\/2\/2022\/02\/eb938c12-c24d-4c47-b545-f9bff0623165-300x300.jpg\" alt=\"Treball del dia de la PAU\" width=\"300\" height=\"300\" \/><\/a>\u00a0 <a href=\"https:\/\/acidh.org\/areaeducativa\/wp-content\/uploads\/sites\/2\/2022\/02\/0c3a0dfc-4997-4c6e-8a4f-6c974ff642be.jpg\"><img loading=\"lazy\" decoding=\"async\" class=\"alignnone size-medium wp-image-2002\" src=\"https:\/\/acidh.org\/areaeducativa\/wp-content\/uploads\/sites\/2\/2022\/02\/0c3a0dfc-4997-4c6e-8a4f-6c974ff642be-225x300.jpg\" alt=\"Treball del dia de la PAU\" width=\"225\" height=\"300\" \/><\/a><br \/>\nLos alumnos de tercero y cuarto trabajaron la resoluci\u00f3n de conflictos a partir de la interpretaci\u00f3n de una misi\u00f3n diplom\u00e1tica. Su objetivo era conseguir una negociaci\u00f3n pac\u00edfica reconociendo la fuente de conflicto y encontrando medidas para encontrar un acuerdo entre ambas partes.<\/p>\n<p><a href=\"https:\/\/acidh.org\/areaeducativa\/wp-content\/uploads\/sites\/2\/2022\/02\/663ef4a1-6985-4c91-9973-4dc629b5ce20.jpg\"><img loading=\"lazy\" decoding=\"async\" class=\"alignnone size-medium wp-image-2018\" src=\"https:\/\/acidh.org\/areaeducativa\/wp-content\/uploads\/sites\/2\/2022\/02\/663ef4a1-6985-4c91-9973-4dc629b5ce20-300x224.jpg\" alt=\"Treball del dia de la PAU\" width=\"300\" height=\"224\" \/><\/a><br \/>\nLos mayores, quinto y sexto, realizaron un trabajo de investigaci\u00f3n y detecci\u00f3n de los diferentes conflictos presentes todav\u00eda en el mundo.<\/p>\n<p><a href=\"https:\/\/acidh.org\/areaeducativa\/wp-content\/uploads\/sites\/2\/2022\/02\/3221b2c5-386f-4886-8abc-be5bee5a940b.jpg\"><img loading=\"lazy\" decoding=\"async\" class=\"alignnone size-medium wp-image-2006\" src=\"https:\/\/acidh.org\/areaeducativa\/wp-content\/uploads\/sites\/2\/2022\/02\/3221b2c5-386f-4886-8abc-be5bee5a940b-225x300.jpg\" alt=\"Treball del dia de la PAU\" width=\"225\" height=\"300\" \/><\/a>\u00a0 <a href=\"https:\/\/acidh.org\/areaeducativa\/wp-content\/uploads\/sites\/2\/2022\/02\/ff459009-207c-4014-b098-d990bb93d960.jpg\"><img loading=\"lazy\" decoding=\"async\" class=\"alignnone size-medium wp-image-2016\" src=\"https:\/\/acidh.org\/areaeducativa\/wp-content\/uploads\/sites\/2\/2022\/02\/ff459009-207c-4014-b098-d990bb93d960-300x225.jpg\" alt=\"Treball del dia de la PAU\" width=\"300\" height=\"225\" \/><\/a><\/p>\n<p>Al finalizar los alumnos realizaron una actividad conjunta en la que mostraron su compromiso del trabajo de la Paz en el d\u00eda a d\u00eda de la escuela.<\/p>\n<p><a href=\"https:\/\/acidh.org\/areaeducativa\/wp-content\/uploads\/sites\/2\/2022\/02\/F42B349F-C4D0-4E03-A80C-A88889D5B84D.jpg\"><img loading=\"lazy\" decoding=\"async\" class=\"alignnone size-medium wp-image-2014\" src=\"https:\/\/acidh.org\/areaeducativa\/wp-content\/uploads\/sites\/2\/2022\/02\/F42B349F-C4D0-4E03-A80C-A88889D5B84D-240x300.jpg\" alt=\"Treball del dia de la PAU\" width=\"240\" height=\"300\" \/><\/a>\u00a0 <a href=\"https:\/\/acidh.org\/areaeducativa\/wp-content\/uploads\/sites\/2\/2022\/02\/320EDB6D-7DD0-429F-AF70-3BF259109AB5.jpg\"><img loading=\"lazy\" decoding=\"async\" class=\"alignnone size-medium wp-image-2004\" src=\"https:\/\/acidh.org\/areaeducativa\/wp-content\/uploads\/sites\/2\/2022\/02\/320EDB6D-7DD0-429F-AF70-3BF259109AB5-240x300.jpg\" alt=\"Treball del dia de la PAU\" width=\"240\" height=\"300\" \/><\/a><\/p>\n<p>Con todas actividades los alumnos pusieron su granito de arena por una construcci\u00f3n de una sociedad libre de todo tipo de violencia.<\/p>\n","protected":false},"excerpt":{"rendered":"<p>El pasado viernes d\u00eda 28 de enero los alumnos de ESO celebraron el d\u00eda de la Paz escolar y la No Violencia. A lo largo de la jornada los alumnos realizaron diferentes actividades en las que pudieron trabajar conceptos como la violencia, el conflicto y su resoluci\u00f3n. Los alumnos de primer y segundo curso realizaron [&hellip;]<\/p>\n","protected":false},"author":13,"featured_media":2008,"comment_status":"open","ping_status":"open","sticky":false,"template":"","format":"standard","meta":{"_et_pb_use_builder":"","_et_pb_old_content":"","_et_gb_content_width":"","footnotes":""},"categories":[2],"tags":[39,124,27],"class_list":["post-2020","post","type-post","status-publish","format-standard","has-post-thumbnail","hentry","category-general-educativa-es","tag-acidh-es","tag-dia-de-la-pau","tag-inteligencialimit-es"],"yoast_head":"<!-- This site is optimized with the Yoast SEO plugin v27.4 - https:\/\/yoast.com\/product\/yoast-seo-wordpress\/ -->\n<title>Celebraci\u00f3n del dia de la Paz - \u00c0rea Educativa<\/title>\n<meta name=\"robots\" content=\"index, follow, max-snippet:-1, max-image-preview:large, max-video-preview:-1\" \/>\n<link rel=\"canonical\" href=\"https:\/\/acidh.org\/areaeducativa\/es\/general-educativa-es\/2020\/\" \/>\n<meta property=\"og:locale\" content=\"es_ES\" \/>\n<meta property=\"og:type\" content=\"article\" \/>\n<meta property=\"og:title\" content=\"Celebraci\u00f3n del dia de la Paz - \u00c0rea Educativa\" \/>\n<meta property=\"og:description\" content=\"El pasado viernes d\u00eda 28 de enero los alumnos de ESO celebraron el d\u00eda de la Paz escolar y la No Violencia. A lo largo de la jornada los alumnos realizaron diferentes actividades en las que pudieron trabajar conceptos como la violencia, el conflicto y su resoluci\u00f3n. Los alumnos de primer y segundo curso realizaron [&hellip;]\" \/>\n<meta property=\"og:url\" content=\"https:\/\/acidh.org\/areaeducativa\/es\/general-educativa-es\/2020\/\" \/>\n<meta property=\"og:site_name\" content=\"\u00c0rea Educativa\" \/>\n<meta property=\"article:published_time\" content=\"2022-02-01T11:15:48+00:00\" \/>\n<meta property=\"article:modified_time\" content=\"2022-02-01T11:18:12+00:00\" \/>\n<meta property=\"og:image\" content=\"https:\/\/acidh.org\/areaeducativa\/wp-content\/uploads\/sites\/2\/2022\/02\/5728F211-66C4-4F22-B457-1FFCAD313EE9.jpg\" \/>\n\t<meta property=\"og:image:width\" content=\"1440\" \/>\n\t<meta property=\"og:image:height\" content=\"1800\" \/>\n\t<meta property=\"og:image:type\" content=\"image\/jpeg\" \/>\n<meta name=\"author\" content=\"educativa\" \/>\n<meta name=\"twitter:card\" content=\"summary_large_image\" \/>\n<meta name=\"twitter:label1\" content=\"Escrito por\" \/>\n\t<meta name=\"twitter:data1\" content=\"educativa\" \/>\n\t<meta name=\"twitter:label2\" content=\"Tiempo de lectura\" \/>\n\t<meta name=\"twitter:data2\" content=\"3 minutos\" \/>\n<script type=\"application\/ld+json\" class=\"yoast-schema-graph\">{\"@context\":\"https:\\\/\\\/schema.org\",\"@graph\":[{\"@type\":\"Article\",\"@id\":\"https:\\\/\\\/acidh.org\\\/areaeducativa\\\/es\\\/general-educativa-es\\\/2020\\\/#article\",\"isPartOf\":{\"@id\":\"https:\\\/\\\/acidh.org\\\/areaeducativa\\\/es\\\/general-educativa-es\\\/2020\\\/\"},\"author\":{\"name\":\"educativa\",\"@id\":\"https:\\\/\\\/acidh.org\\\/areaeducativa\\\/es\\\/#\\\/schema\\\/person\\\/892319a3cbd42f1cee2d604561932855\"},\"headline\":\"Celebraci\u00f3n del dia de la Paz\",\"datePublished\":\"2022-02-01T11:15:48+00:00\",\"dateModified\":\"2022-02-01T11:18:12+00:00\",\"mainEntityOfPage\":{\"@id\":\"https:\\\/\\\/acidh.org\\\/areaeducativa\\\/es\\\/general-educativa-es\\\/2020\\\/\"},\"wordCount\":214,\"commentCount\":0,\"image\":{\"@id\":\"https:\\\/\\\/acidh.org\\\/areaeducativa\\\/es\\\/general-educativa-es\\\/2020\\\/#primaryimage\"},\"thumbnailUrl\":\"https:\\\/\\\/acidh.org\\\/areaeducativa\\\/wp-content\\\/uploads\\\/sites\\\/2\\\/2022\\\/02\\\/5728F211-66C4-4F22-B457-1FFCAD313EE9.jpg\",\"keywords\":[\"acidH\",\"Dia de la Pau\",\"Intelig\u00e8nciaL\u00edmit\"],\"articleSection\":[\"General Educativa\"],\"inLanguage\":\"es\",\"potentialAction\":[{\"@type\":\"CommentAction\",\"name\":\"Comment\",\"target\":[\"https:\\\/\\\/acidh.org\\\/areaeducativa\\\/es\\\/general-educativa-es\\\/2020\\\/#respond\"]}]},{\"@type\":\"WebPage\",\"@id\":\"https:\\\/\\\/acidh.org\\\/areaeducativa\\\/es\\\/general-educativa-es\\\/2020\\\/\",\"url\":\"https:\\\/\\\/acidh.org\\\/areaeducativa\\\/es\\\/general-educativa-es\\\/2020\\\/\",\"name\":\"Celebraci\u00f3n del dia de la Paz - \u00c0rea Educativa\",\"isPartOf\":{\"@id\":\"https:\\\/\\\/acidh.org\\\/areaeducativa\\\/es\\\/#website\"},\"primaryImageOfPage\":{\"@id\":\"https:\\\/\\\/acidh.org\\\/areaeducativa\\\/es\\\/general-educativa-es\\\/2020\\\/#primaryimage\"},\"image\":{\"@id\":\"https:\\\/\\\/acidh.org\\\/areaeducativa\\\/es\\\/general-educativa-es\\\/2020\\\/#primaryimage\"},\"thumbnailUrl\":\"https:\\\/\\\/acidh.org\\\/areaeducativa\\\/wp-content\\\/uploads\\\/sites\\\/2\\\/2022\\\/02\\\/5728F211-66C4-4F22-B457-1FFCAD313EE9.jpg\",\"datePublished\":\"2022-02-01T11:15:48+00:00\",\"dateModified\":\"2022-02-01T11:18:12+00:00\",\"author\":{\"@id\":\"https:\\\/\\\/acidh.org\\\/areaeducativa\\\/es\\\/#\\\/schema\\\/person\\\/892319a3cbd42f1cee2d604561932855\"},\"breadcrumb\":{\"@id\":\"https:\\\/\\\/acidh.org\\\/areaeducativa\\\/es\\\/general-educativa-es\\\/2020\\\/#breadcrumb\"},\"inLanguage\":\"es\",\"potentialAction\":[{\"@type\":\"ReadAction\",\"target\":[\"https:\\\/\\\/acidh.org\\\/areaeducativa\\\/es\\\/general-educativa-es\\\/2020\\\/\"]}]},{\"@type\":\"ImageObject\",\"inLanguage\":\"es\",\"@id\":\"https:\\\/\\\/acidh.org\\\/areaeducativa\\\/es\\\/general-educativa-es\\\/2020\\\/#primaryimage\",\"url\":\"https:\\\/\\\/acidh.org\\\/areaeducativa\\\/wp-content\\\/uploads\\\/sites\\\/2\\\/2022\\\/02\\\/5728F211-66C4-4F22-B457-1FFCAD313EE9.jpg\",\"contentUrl\":\"https:\\\/\\\/acidh.org\\\/areaeducativa\\\/wp-content\\\/uploads\\\/sites\\\/2\\\/2022\\\/02\\\/5728F211-66C4-4F22-B457-1FFCAD313EE9.jpg\",\"width\":1440,\"height\":1800,\"caption\":\"Treball del dia de la PAU\"},{\"@type\":\"BreadcrumbList\",\"@id\":\"https:\\\/\\\/acidh.org\\\/areaeducativa\\\/es\\\/general-educativa-es\\\/2020\\\/#breadcrumb\",\"itemListElement\":[{\"@type\":\"ListItem\",\"position\":1,\"name\":\"Portada\",\"item\":\"https:\\\/\\\/acidh.org\\\/areaeducativa\\\/\"},{\"@type\":\"ListItem\",\"position\":2,\"name\":\"Celebraci\u00f3n del dia de la Paz\"}]},{\"@type\":\"WebSite\",\"@id\":\"https:\\\/\\\/acidh.org\\\/areaeducativa\\\/es\\\/#website\",\"url\":\"https:\\\/\\\/acidh.org\\\/areaeducativa\\\/es\\\/\",\"name\":\"\u00c0rea Educativa\",\"description\":\"AcidH\",\"potentialAction\":[{\"@type\":\"SearchAction\",\"target\":{\"@type\":\"EntryPoint\",\"urlTemplate\":\"https:\\\/\\\/acidh.org\\\/areaeducativa\\\/es\\\/?s={search_term_string}\"},\"query-input\":{\"@type\":\"PropertyValueSpecification\",\"valueRequired\":true,\"valueName\":\"search_term_string\"}}],\"inLanguage\":\"es\"},{\"@type\":\"Person\",\"@id\":\"https:\\\/\\\/acidh.org\\\/areaeducativa\\\/es\\\/#\\\/schema\\\/person\\\/892319a3cbd42f1cee2d604561932855\",\"name\":\"educativa\",\"image\":{\"@type\":\"ImageObject\",\"inLanguage\":\"es\",\"@id\":\"https:\\\/\\\/secure.gravatar.com\\\/avatar\\\/ac84e3683d617b109ae5d7512057ee5bf0e47095767fc993f65ae3cdb98560bc?s=96&d=mm&r=g\",\"url\":\"https:\\\/\\\/secure.gravatar.com\\\/avatar\\\/ac84e3683d617b109ae5d7512057ee5bf0e47095767fc993f65ae3cdb98560bc?s=96&d=mm&r=g\",\"contentUrl\":\"https:\\\/\\\/secure.gravatar.com\\\/avatar\\\/ac84e3683d617b109ae5d7512057ee5bf0e47095767fc993f65ae3cdb98560bc?s=96&d=mm&r=g\",\"caption\":\"educativa\"},\"url\":\"https:\\\/\\\/acidh.org\\\/areaeducativa\\\/author\\\/amarruedo\\\/\"}]}<\/script>\n<!-- \/ Yoast SEO plugin. -->","yoast_head_json":{"title":"Celebraci\u00f3n del dia de la Paz - \u00c0rea Educativa","robots":{"index":"index","follow":"follow","max-snippet":"max-snippet:-1","max-image-preview":"max-image-preview:large","max-video-preview":"max-video-preview:-1"},"canonical":"https:\/\/acidh.org\/areaeducativa\/es\/general-educativa-es\/2020\/","og_locale":"es_ES","og_type":"article","og_title":"Celebraci\u00f3n del dia de la Paz - \u00c0rea Educativa","og_description":"El pasado viernes d\u00eda 28 de enero los alumnos de ESO celebraron el d\u00eda de la Paz escolar y la No Violencia. A lo largo de la jornada los alumnos realizaron diferentes actividades en las que pudieron trabajar conceptos como la violencia, el conflicto y su resoluci\u00f3n. Los alumnos de primer y segundo curso realizaron [&hellip;]","og_url":"https:\/\/acidh.org\/areaeducativa\/es\/general-educativa-es\/2020\/","og_site_name":"\u00c0rea Educativa","article_published_time":"2022-02-01T11:15:48+00:00","article_modified_time":"2022-02-01T11:18:12+00:00","og_image":[{"width":1440,"height":1800,"url":"https:\/\/acidh.org\/areaeducativa\/wp-content\/uploads\/sites\/2\/2022\/02\/5728F211-66C4-4F22-B457-1FFCAD313EE9.jpg","type":"image\/jpeg"}],"author":"educativa","twitter_card":"summary_large_image","twitter_misc":{"Escrito por":"educativa","Tiempo de lectura":"3 minutos"},"schema":{"@context":"https:\/\/schema.org","@graph":[{"@type":"Article","@id":"https:\/\/acidh.org\/areaeducativa\/es\/general-educativa-es\/2020\/#article","isPartOf":{"@id":"https:\/\/acidh.org\/areaeducativa\/es\/general-educativa-es\/2020\/"},"author":{"name":"educativa","@id":"https:\/\/acidh.org\/areaeducativa\/es\/#\/schema\/person\/892319a3cbd42f1cee2d604561932855"},"headline":"Celebraci\u00f3n del dia de la Paz","datePublished":"2022-02-01T11:15:48+00:00","dateModified":"2022-02-01T11:18:12+00:00","mainEntityOfPage":{"@id":"https:\/\/acidh.org\/areaeducativa\/es\/general-educativa-es\/2020\/"},"wordCount":214,"commentCount":0,"image":{"@id":"https:\/\/acidh.org\/areaeducativa\/es\/general-educativa-es\/2020\/#primaryimage"},"thumbnailUrl":"https:\/\/acidh.org\/areaeducativa\/wp-content\/uploads\/sites\/2\/2022\/02\/5728F211-66C4-4F22-B457-1FFCAD313EE9.jpg","keywords":["acidH","Dia de la Pau","Intelig\u00e8nciaL\u00edmit"],"articleSection":["General Educativa"],"inLanguage":"es","potentialAction":[{"@type":"CommentAction","name":"Comment","target":["https:\/\/acidh.org\/areaeducativa\/es\/general-educativa-es\/2020\/#respond"]}]},{"@type":"WebPage","@id":"https:\/\/acidh.org\/areaeducativa\/es\/general-educativa-es\/2020\/","url":"https:\/\/acidh.org\/areaeducativa\/es\/general-educativa-es\/2020\/","name":"Celebraci\u00f3n del dia de la Paz - \u00c0rea Educativa","isPartOf":{"@id":"https:\/\/acidh.org\/areaeducativa\/es\/#website"},"primaryImageOfPage":{"@id":"https:\/\/acidh.org\/areaeducativa\/es\/general-educativa-es\/2020\/#primaryimage"},"image":{"@id":"https:\/\/acidh.org\/areaeducativa\/es\/general-educativa-es\/2020\/#primaryimage"},"thumbnailUrl":"https:\/\/acidh.org\/areaeducativa\/wp-content\/uploads\/sites\/2\/2022\/02\/5728F211-66C4-4F22-B457-1FFCAD313EE9.jpg","datePublished":"2022-02-01T11:15:48+00:00","dateModified":"2022-02-01T11:18:12+00:00","author":{"@id":"https:\/\/acidh.org\/areaeducativa\/es\/#\/schema\/person\/892319a3cbd42f1cee2d604561932855"},"breadcrumb":{"@id":"https:\/\/acidh.org\/areaeducativa\/es\/general-educativa-es\/2020\/#breadcrumb"},"inLanguage":"es","potentialAction":[{"@type":"ReadAction","target":["https:\/\/acidh.org\/areaeducativa\/es\/general-educativa-es\/2020\/"]}]},{"@type":"ImageObject","inLanguage":"es","@id":"https:\/\/acidh.org\/areaeducativa\/es\/general-educativa-es\/2020\/#primaryimage","url":"https:\/\/acidh.org\/areaeducativa\/wp-content\/uploads\/sites\/2\/2022\/02\/5728F211-66C4-4F22-B457-1FFCAD313EE9.jpg","contentUrl":"https:\/\/acidh.org\/areaeducativa\/wp-content\/uploads\/sites\/2\/2022\/02\/5728F211-66C4-4F22-B457-1FFCAD313EE9.jpg","width":1440,"height":1800,"caption":"Treball del dia de la PAU"},{"@type":"BreadcrumbList","@id":"https:\/\/acidh.org\/areaeducativa\/es\/general-educativa-es\/2020\/#breadcrumb","itemListElement":[{"@type":"ListItem","position":1,"name":"Portada","item":"https:\/\/acidh.org\/areaeducativa\/"},{"@type":"ListItem","position":2,"name":"Celebraci\u00f3n del dia de la Paz"}]},{"@type":"WebSite","@id":"https:\/\/acidh.org\/areaeducativa\/es\/#website","url":"https:\/\/acidh.org\/areaeducativa\/es\/","name":"\u00c0rea Educativa","description":"AcidH","potentialAction":[{"@type":"SearchAction","target":{"@type":"EntryPoint","urlTemplate":"https:\/\/acidh.org\/areaeducativa\/es\/?s={search_term_string}"},"query-input":{"@type":"PropertyValueSpecification","valueRequired":true,"valueName":"search_term_string"}}],"inLanguage":"es"},{"@type":"Person","@id":"https:\/\/acidh.org\/areaeducativa\/es\/#\/schema\/person\/892319a3cbd42f1cee2d604561932855","name":"educativa","image":{"@type":"ImageObject","inLanguage":"es","@id":"https:\/\/secure.gravatar.com\/avatar\/ac84e3683d617b109ae5d7512057ee5bf0e47095767fc993f65ae3cdb98560bc?s=96&d=mm&r=g","url":"https:\/\/secure.gravatar.com\/avatar\/ac84e3683d617b109ae5d7512057ee5bf0e47095767fc993f65ae3cdb98560bc?s=96&d=mm&r=g","contentUrl":"https:\/\/secure.gravatar.com\/avatar\/ac84e3683d617b109ae5d7512057ee5bf0e47095767fc993f65ae3cdb98560bc?s=96&d=mm&r=g","caption":"educativa"},"url":"https:\/\/acidh.org\/areaeducativa\/author\/amarruedo\/"}]}},"_links":{"self":[{"href":"https:\/\/acidh.org\/areaeducativa\/wp-json\/wp\/v2\/posts\/2020","targetHints":{"allow":["GET"]}}],"collection":[{"href":"https:\/\/acidh.org\/areaeducativa\/wp-json\/wp\/v2\/posts"}],"about":[{"href":"https:\/\/acidh.org\/areaeducativa\/wp-json\/wp\/v2\/types\/post"}],"author":[{"embeddable":true,"href":"https:\/\/acidh.org\/areaeducativa\/wp-json\/wp\/v2\/users\/13"}],"replies":[{"embeddable":true,"href":"https:\/\/acidh.org\/areaeducativa\/wp-json\/wp\/v2\/comments?post=2020"}],"version-history":[{"count":3,"href":"https:\/\/acidh.org\/areaeducativa\/wp-json\/wp\/v2\/posts\/2020\/revisions"}],"predecessor-version":[{"id":2023,"href":"https:\/\/acidh.org\/areaeducativa\/wp-json\/wp\/v2\/posts\/2020\/revisions\/2023"}],"wp:featuredmedia":[{"embeddable":true,"href":"https:\/\/acidh.org\/areaeducativa\/wp-json\/wp\/v2\/media\/2008"}],"wp:attachment":[{"href":"https:\/\/acidh.org\/areaeducativa\/wp-json\/wp\/v2\/media?parent=2020"}],"wp:term":[{"taxonomy":"category","embeddable":true,"href":"https:\/\/acidh.org\/areaeducativa\/wp-json\/wp\/v2\/categories?post=2020"},{"taxonomy":"post_tag","embeddable":true,"href":"https:\/\/acidh.org\/areaeducativa\/wp-json\/wp\/v2\/tags?post=2020"}],"curies":[{"name":"wp","href":"https:\/\/api.w.org\/{rel}","templated":true}]}}