{"id":2025,"date":"2022-02-15T10:55:46","date_gmt":"2022-02-15T10:55:46","guid":{"rendered":"https:\/\/www.acidh.org\/areaeducativa\/?p=2025"},"modified":"2022-02-15T10:57:41","modified_gmt":"2022-02-15T10:57:41","slug":"periodisme-social-barris-i-accio","status":"publish","type":"post","link":"https:\/\/acidh.org\/areaeducativa\/general-educativa\/periodisme-social-barris-i-accio\/","title":{"rendered":"Periodisme social &#8211; Barris i acci\u00f3"},"content":{"rendered":"<p><a href=\"https:\/\/acidh.org\/areaeducativa\/wp-content\/uploads\/sites\/2\/2022\/02\/b0beec09-64ac-4c70-80dd-d09f17dd86b0.jpg\"><img loading=\"lazy\" decoding=\"async\" class=\"size-medium wp-image-2026 alignleft\" src=\"https:\/\/acidh.org\/areaeducativa\/wp-content\/uploads\/sites\/2\/2022\/02\/b0beec09-64ac-4c70-80dd-d09f17dd86b0-225x300.jpg\" alt=\"Treball del projecte\" width=\"225\" height=\"300\" \/><\/a>El passat mes de novembre els alumnes de 4t d&#8217;ESO de l&#8217;escola van participar a la 9a edici\u00f3 del projecte de periodisme social de mans de la cooperativa Barrisiacci\u00f3.<\/p>\n<p>Un dels tres projectes que han realitzat \u00e9s \u201cSalvem l&#8217;Alzina\u201d.<\/p>\n<p>Els alumnes han pogut investigar i descobrir una lluita existent al nostre barri de Gr\u00e0cia, la defensa ve\u00efnal d&#8217;una de les alzines m\u00e9s antiga de la ciutat. Una lluita contra la gentrificaci\u00f3 i l&#8217;especulaci\u00f3.<\/p>\n<p><a href=\"https:\/\/cameresiaccio.org\/ca\/2022\/02\/salvem-lalzina-barrisiaccio\/\">https:\/\/cameresiaccio.org\/ca\/2022\/02\/salvem-lalzina-barrisiaccio\/<\/a><\/p>\n<p>Un altre dels projectes realitzats \u00e9s el \u00abJard\u00ed del Silenci\u00bb.<\/p>\n<p>Els alumnes han descobert un espai del barri de Gr\u00e0cia on la calma i el silenci estan presents, entenent-ho com un espai de benestar, salut i de connexi\u00f3 amb la natura i nosaltres mateixos.<\/p>\n<p><a href=\"https:\/\/cameresiaccio.org\/ca\/2022\/02\/el-jardi-del-silenci-barrisiaccio\/\">https:\/\/cameresiaccio.org\/ca\/2022\/02\/el-jardi-del-silenci-barrisiaccio\/<\/a><\/p>\n<p>El darrer projecte \u00e9s el de la \u00abComissi\u00f3 de festes de Gr\u00e0cia. c\/Llibertat\u201d.<\/p>\n<p>Els alumnes han pogut apropar-se a una de les activitats culturals del nostre barri, les festes majors de Gr\u00e0cia, i m\u00e9s concretament a una de les associacions que les organitza, l&#8217;associaci\u00f3 del carrer Llibertat.<\/p>\n<p><a href=\"https:\/\/cameresiaccio.org\/ca\/2022\/02\/comissio-de-festes-de-gracia-c-llibertat-barrisiaccio\/\">https:\/\/cameresiaccio.org\/ca\/2022\/02\/comissio-de-festes-de-gracia-c-llibertat-barrisiaccio\/<\/a><\/p>\n","protected":false},"excerpt":{"rendered":"<p>El passat mes de novembre els alumnes de 4t d&#8217;ESO de l&#8217;escola van participar a la 9a edici\u00f3 del projecte de periodisme social de mans de la cooperativa Barrisiacci\u00f3. Un dels tres projectes que han realitzat \u00e9s \u201cSalvem l&#8217;Alzina\u201d. Els alumnes han pogut investigar i descobrir una lluita existent al nostre barri de Gr\u00e0cia, la [&hellip;]<\/p>\n","protected":false},"author":13,"featured_media":2028,"comment_status":"open","ping_status":"open","sticky":false,"template":"","format":"standard","meta":{"_et_pb_use_builder":"","_et_pb_old_content":"","_et_gb_content_width":"","footnotes":""},"categories":[1],"tags":[89,38,52,37],"class_list":["post-2025","post","type-post","status-publish","format-standard","has-post-thumbnail","hentry","category-general-educativa","tag-projectes","tag-acidh","tag-ensenyament","tag-inclusio"],"yoast_head":"<!-- This site is optimized with the Yoast SEO plugin v27.4 - https:\/\/yoast.com\/product\/yoast-seo-wordpress\/ -->\n<title>Periodisme social - Barris i acci\u00f3 - \u00c0rea Educativa<\/title>\n<meta name=\"robots\" content=\"index, follow, max-snippet:-1, max-image-preview:large, max-video-preview:-1\" \/>\n<link rel=\"canonical\" href=\"https:\/\/acidh.org\/areaeducativa\/general-educativa\/periodisme-social-barris-i-accio\/\" \/>\n<meta property=\"og:locale\" content=\"es_ES\" \/>\n<meta property=\"og:type\" content=\"article\" \/>\n<meta property=\"og:title\" content=\"Periodisme social - Barris i acci\u00f3 - \u00c0rea Educativa\" \/>\n<meta property=\"og:description\" content=\"El passat mes de novembre els alumnes de 4t d&#8217;ESO de l&#8217;escola van participar a la 9a edici\u00f3 del projecte de periodisme social de mans de la cooperativa Barrisiacci\u00f3. Un dels tres projectes que han realitzat \u00e9s \u201cSalvem l&#8217;Alzina\u201d. Els alumnes han pogut investigar i descobrir una lluita existent al nostre barri de Gr\u00e0cia, la [&hellip;]\" \/>\n<meta property=\"og:url\" content=\"https:\/\/acidh.org\/areaeducativa\/general-educativa\/periodisme-social-barris-i-accio\/\" \/>\n<meta property=\"og:site_name\" content=\"\u00c0rea Educativa\" \/>\n<meta property=\"article:published_time\" content=\"2022-02-15T10:55:46+00:00\" \/>\n<meta property=\"article:modified_time\" content=\"2022-02-15T10:57:41+00:00\" \/>\n<meta property=\"og:image\" content=\"https:\/\/acidh.org\/areaeducativa\/wp-content\/uploads\/sites\/2\/2022\/02\/4ea087b6-1e76-43a3-98c3-7981ccdfe943.jpg\" \/>\n\t<meta property=\"og:image:width\" content=\"1536\" \/>\n\t<meta property=\"og:image:height\" content=\"2048\" \/>\n\t<meta property=\"og:image:type\" content=\"image\/jpeg\" \/>\n<meta name=\"author\" content=\"educativa\" \/>\n<meta name=\"twitter:card\" content=\"summary_large_image\" \/>\n<meta name=\"twitter:label1\" content=\"Escrito por\" \/>\n\t<meta name=\"twitter:data1\" content=\"educativa\" \/>\n\t<meta name=\"twitter:label2\" content=\"Tiempo de lectura\" \/>\n\t<meta name=\"twitter:data2\" content=\"1 minuto\" \/>\n<script type=\"application\/ld+json\" class=\"yoast-schema-graph\">{\"@context\":\"https:\\\/\\\/schema.org\",\"@graph\":[{\"@type\":\"Article\",\"@id\":\"https:\\\/\\\/acidh.org\\\/areaeducativa\\\/general-educativa\\\/periodisme-social-barris-i-accio\\\/#article\",\"isPartOf\":{\"@id\":\"https:\\\/\\\/acidh.org\\\/areaeducativa\\\/general-educativa\\\/periodisme-social-barris-i-accio\\\/\"},\"author\":{\"name\":\"educativa\",\"@id\":\"https:\\\/\\\/acidh.org\\\/areaeducativa\\\/es\\\/#\\\/schema\\\/person\\\/892319a3cbd42f1cee2d604561932855\"},\"headline\":\"Periodisme social &#8211; Barris i acci\u00f3\",\"datePublished\":\"2022-02-15T10:55:46+00:00\",\"dateModified\":\"2022-02-15T10:57:41+00:00\",\"mainEntityOfPage\":{\"@id\":\"https:\\\/\\\/acidh.org\\\/areaeducativa\\\/general-educativa\\\/periodisme-social-barris-i-accio\\\/\"},\"wordCount\":199,\"commentCount\":0,\"image\":{\"@id\":\"https:\\\/\\\/acidh.org\\\/areaeducativa\\\/general-educativa\\\/periodisme-social-barris-i-accio\\\/#primaryimage\"},\"thumbnailUrl\":\"https:\\\/\\\/acidh.org\\\/areaeducativa\\\/wp-content\\\/uploads\\\/sites\\\/2\\\/2022\\\/02\\\/4ea087b6-1e76-43a3-98c3-7981ccdfe943.jpg\",\"keywords\":[\"#projectes\",\"acidH\",\"ensenyament\",\"Inclusi\u00f3\"],\"articleSection\":[\"General Educativa\"],\"inLanguage\":\"es\",\"potentialAction\":[{\"@type\":\"CommentAction\",\"name\":\"Comment\",\"target\":[\"https:\\\/\\\/acidh.org\\\/areaeducativa\\\/general-educativa\\\/periodisme-social-barris-i-accio\\\/#respond\"]}]},{\"@type\":\"WebPage\",\"@id\":\"https:\\\/\\\/acidh.org\\\/areaeducativa\\\/general-educativa\\\/periodisme-social-barris-i-accio\\\/\",\"url\":\"https:\\\/\\\/acidh.org\\\/areaeducativa\\\/general-educativa\\\/periodisme-social-barris-i-accio\\\/\",\"name\":\"Periodisme social - Barris i acci\u00f3 - \u00c0rea Educativa\",\"isPartOf\":{\"@id\":\"https:\\\/\\\/acidh.org\\\/areaeducativa\\\/es\\\/#website\"},\"primaryImageOfPage\":{\"@id\":\"https:\\\/\\\/acidh.org\\\/areaeducativa\\\/general-educativa\\\/periodisme-social-barris-i-accio\\\/#primaryimage\"},\"image\":{\"@id\":\"https:\\\/\\\/acidh.org\\\/areaeducativa\\\/general-educativa\\\/periodisme-social-barris-i-accio\\\/#primaryimage\"},\"thumbnailUrl\":\"https:\\\/\\\/acidh.org\\\/areaeducativa\\\/wp-content\\\/uploads\\\/sites\\\/2\\\/2022\\\/02\\\/4ea087b6-1e76-43a3-98c3-7981ccdfe943.jpg\",\"datePublished\":\"2022-02-15T10:55:46+00:00\",\"dateModified\":\"2022-02-15T10:57:41+00:00\",\"author\":{\"@id\":\"https:\\\/\\\/acidh.org\\\/areaeducativa\\\/es\\\/#\\\/schema\\\/person\\\/892319a3cbd42f1cee2d604561932855\"},\"breadcrumb\":{\"@id\":\"https:\\\/\\\/acidh.org\\\/areaeducativa\\\/general-educativa\\\/periodisme-social-barris-i-accio\\\/#breadcrumb\"},\"inLanguage\":\"es\",\"potentialAction\":[{\"@type\":\"ReadAction\",\"target\":[\"https:\\\/\\\/acidh.org\\\/areaeducativa\\\/general-educativa\\\/periodisme-social-barris-i-accio\\\/\"]}]},{\"@type\":\"ImageObject\",\"inLanguage\":\"es\",\"@id\":\"https:\\\/\\\/acidh.org\\\/areaeducativa\\\/general-educativa\\\/periodisme-social-barris-i-accio\\\/#primaryimage\",\"url\":\"https:\\\/\\\/acidh.org\\\/areaeducativa\\\/wp-content\\\/uploads\\\/sites\\\/2\\\/2022\\\/02\\\/4ea087b6-1e76-43a3-98c3-7981ccdfe943.jpg\",\"contentUrl\":\"https:\\\/\\\/acidh.org\\\/areaeducativa\\\/wp-content\\\/uploads\\\/sites\\\/2\\\/2022\\\/02\\\/4ea087b6-1e76-43a3-98c3-7981ccdfe943.jpg\",\"width\":1536,\"height\":2048,\"caption\":\"Treball del projecte\"},{\"@type\":\"BreadcrumbList\",\"@id\":\"https:\\\/\\\/acidh.org\\\/areaeducativa\\\/general-educativa\\\/periodisme-social-barris-i-accio\\\/#breadcrumb\",\"itemListElement\":[{\"@type\":\"ListItem\",\"position\":1,\"name\":\"Portada\",\"item\":\"https:\\\/\\\/acidh.org\\\/areaeducativa\\\/\"},{\"@type\":\"ListItem\",\"position\":2,\"name\":\"Periodisme social &#8211; Barris i acci\u00f3\"}]},{\"@type\":\"WebSite\",\"@id\":\"https:\\\/\\\/acidh.org\\\/areaeducativa\\\/es\\\/#website\",\"url\":\"https:\\\/\\\/acidh.org\\\/areaeducativa\\\/es\\\/\",\"name\":\"\u00c0rea Educativa\",\"description\":\"AcidH\",\"potentialAction\":[{\"@type\":\"SearchAction\",\"target\":{\"@type\":\"EntryPoint\",\"urlTemplate\":\"https:\\\/\\\/acidh.org\\\/areaeducativa\\\/es\\\/?s={search_term_string}\"},\"query-input\":{\"@type\":\"PropertyValueSpecification\",\"valueRequired\":true,\"valueName\":\"search_term_string\"}}],\"inLanguage\":\"es\"},{\"@type\":\"Person\",\"@id\":\"https:\\\/\\\/acidh.org\\\/areaeducativa\\\/es\\\/#\\\/schema\\\/person\\\/892319a3cbd42f1cee2d604561932855\",\"name\":\"educativa\",\"image\":{\"@type\":\"ImageObject\",\"inLanguage\":\"es\",\"@id\":\"https:\\\/\\\/secure.gravatar.com\\\/avatar\\\/ac84e3683d617b109ae5d7512057ee5bf0e47095767fc993f65ae3cdb98560bc?s=96&d=mm&r=g\",\"url\":\"https:\\\/\\\/secure.gravatar.com\\\/avatar\\\/ac84e3683d617b109ae5d7512057ee5bf0e47095767fc993f65ae3cdb98560bc?s=96&d=mm&r=g\",\"contentUrl\":\"https:\\\/\\\/secure.gravatar.com\\\/avatar\\\/ac84e3683d617b109ae5d7512057ee5bf0e47095767fc993f65ae3cdb98560bc?s=96&d=mm&r=g\",\"caption\":\"educativa\"},\"url\":\"https:\\\/\\\/acidh.org\\\/areaeducativa\\\/author\\\/amarruedo\\\/\"}]}<\/script>\n<!-- \/ Yoast SEO plugin. -->","yoast_head_json":{"title":"Periodisme social - Barris i acci\u00f3 - \u00c0rea Educativa","robots":{"index":"index","follow":"follow","max-snippet":"max-snippet:-1","max-image-preview":"max-image-preview:large","max-video-preview":"max-video-preview:-1"},"canonical":"https:\/\/acidh.org\/areaeducativa\/general-educativa\/periodisme-social-barris-i-accio\/","og_locale":"es_ES","og_type":"article","og_title":"Periodisme social - Barris i acci\u00f3 - \u00c0rea Educativa","og_description":"El passat mes de novembre els alumnes de 4t d&#8217;ESO de l&#8217;escola van participar a la 9a edici\u00f3 del projecte de periodisme social de mans de la cooperativa Barrisiacci\u00f3. Un dels tres projectes que han realitzat \u00e9s \u201cSalvem l&#8217;Alzina\u201d. Els alumnes han pogut investigar i descobrir una lluita existent al nostre barri de Gr\u00e0cia, la [&hellip;]","og_url":"https:\/\/acidh.org\/areaeducativa\/general-educativa\/periodisme-social-barris-i-accio\/","og_site_name":"\u00c0rea Educativa","article_published_time":"2022-02-15T10:55:46+00:00","article_modified_time":"2022-02-15T10:57:41+00:00","og_image":[{"width":1536,"height":2048,"url":"https:\/\/acidh.org\/areaeducativa\/wp-content\/uploads\/sites\/2\/2022\/02\/4ea087b6-1e76-43a3-98c3-7981ccdfe943.jpg","type":"image\/jpeg"}],"author":"educativa","twitter_card":"summary_large_image","twitter_misc":{"Escrito por":"educativa","Tiempo de lectura":"1 minuto"},"schema":{"@context":"https:\/\/schema.org","@graph":[{"@type":"Article","@id":"https:\/\/acidh.org\/areaeducativa\/general-educativa\/periodisme-social-barris-i-accio\/#article","isPartOf":{"@id":"https:\/\/acidh.org\/areaeducativa\/general-educativa\/periodisme-social-barris-i-accio\/"},"author":{"name":"educativa","@id":"https:\/\/acidh.org\/areaeducativa\/es\/#\/schema\/person\/892319a3cbd42f1cee2d604561932855"},"headline":"Periodisme social &#8211; Barris i acci\u00f3","datePublished":"2022-02-15T10:55:46+00:00","dateModified":"2022-02-15T10:57:41+00:00","mainEntityOfPage":{"@id":"https:\/\/acidh.org\/areaeducativa\/general-educativa\/periodisme-social-barris-i-accio\/"},"wordCount":199,"commentCount":0,"image":{"@id":"https:\/\/acidh.org\/areaeducativa\/general-educativa\/periodisme-social-barris-i-accio\/#primaryimage"},"thumbnailUrl":"https:\/\/acidh.org\/areaeducativa\/wp-content\/uploads\/sites\/2\/2022\/02\/4ea087b6-1e76-43a3-98c3-7981ccdfe943.jpg","keywords":["#projectes","acidH","ensenyament","Inclusi\u00f3"],"articleSection":["General Educativa"],"inLanguage":"es","potentialAction":[{"@type":"CommentAction","name":"Comment","target":["https:\/\/acidh.org\/areaeducativa\/general-educativa\/periodisme-social-barris-i-accio\/#respond"]}]},{"@type":"WebPage","@id":"https:\/\/acidh.org\/areaeducativa\/general-educativa\/periodisme-social-barris-i-accio\/","url":"https:\/\/acidh.org\/areaeducativa\/general-educativa\/periodisme-social-barris-i-accio\/","name":"Periodisme social - Barris i acci\u00f3 - \u00c0rea Educativa","isPartOf":{"@id":"https:\/\/acidh.org\/areaeducativa\/es\/#website"},"primaryImageOfPage":{"@id":"https:\/\/acidh.org\/areaeducativa\/general-educativa\/periodisme-social-barris-i-accio\/#primaryimage"},"image":{"@id":"https:\/\/acidh.org\/areaeducativa\/general-educativa\/periodisme-social-barris-i-accio\/#primaryimage"},"thumbnailUrl":"https:\/\/acidh.org\/areaeducativa\/wp-content\/uploads\/sites\/2\/2022\/02\/4ea087b6-1e76-43a3-98c3-7981ccdfe943.jpg","datePublished":"2022-02-15T10:55:46+00:00","dateModified":"2022-02-15T10:57:41+00:00","author":{"@id":"https:\/\/acidh.org\/areaeducativa\/es\/#\/schema\/person\/892319a3cbd42f1cee2d604561932855"},"breadcrumb":{"@id":"https:\/\/acidh.org\/areaeducativa\/general-educativa\/periodisme-social-barris-i-accio\/#breadcrumb"},"inLanguage":"es","potentialAction":[{"@type":"ReadAction","target":["https:\/\/acidh.org\/areaeducativa\/general-educativa\/periodisme-social-barris-i-accio\/"]}]},{"@type":"ImageObject","inLanguage":"es","@id":"https:\/\/acidh.org\/areaeducativa\/general-educativa\/periodisme-social-barris-i-accio\/#primaryimage","url":"https:\/\/acidh.org\/areaeducativa\/wp-content\/uploads\/sites\/2\/2022\/02\/4ea087b6-1e76-43a3-98c3-7981ccdfe943.jpg","contentUrl":"https:\/\/acidh.org\/areaeducativa\/wp-content\/uploads\/sites\/2\/2022\/02\/4ea087b6-1e76-43a3-98c3-7981ccdfe943.jpg","width":1536,"height":2048,"caption":"Treball del projecte"},{"@type":"BreadcrumbList","@id":"https:\/\/acidh.org\/areaeducativa\/general-educativa\/periodisme-social-barris-i-accio\/#breadcrumb","itemListElement":[{"@type":"ListItem","position":1,"name":"Portada","item":"https:\/\/acidh.org\/areaeducativa\/"},{"@type":"ListItem","position":2,"name":"Periodisme social &#8211; Barris i acci\u00f3"}]},{"@type":"WebSite","@id":"https:\/\/acidh.org\/areaeducativa\/es\/#website","url":"https:\/\/acidh.org\/areaeducativa\/es\/","name":"\u00c0rea Educativa","description":"AcidH","potentialAction":[{"@type":"SearchAction","target":{"@type":"EntryPoint","urlTemplate":"https:\/\/acidh.org\/areaeducativa\/es\/?s={search_term_string}"},"query-input":{"@type":"PropertyValueSpecification","valueRequired":true,"valueName":"search_term_string"}}],"inLanguage":"es"},{"@type":"Person","@id":"https:\/\/acidh.org\/areaeducativa\/es\/#\/schema\/person\/892319a3cbd42f1cee2d604561932855","name":"educativa","image":{"@type":"ImageObject","inLanguage":"es","@id":"https:\/\/secure.gravatar.com\/avatar\/ac84e3683d617b109ae5d7512057ee5bf0e47095767fc993f65ae3cdb98560bc?s=96&d=mm&r=g","url":"https:\/\/secure.gravatar.com\/avatar\/ac84e3683d617b109ae5d7512057ee5bf0e47095767fc993f65ae3cdb98560bc?s=96&d=mm&r=g","contentUrl":"https:\/\/secure.gravatar.com\/avatar\/ac84e3683d617b109ae5d7512057ee5bf0e47095767fc993f65ae3cdb98560bc?s=96&d=mm&r=g","caption":"educativa"},"url":"https:\/\/acidh.org\/areaeducativa\/author\/amarruedo\/"}]}},"_links":{"self":[{"href":"https:\/\/acidh.org\/areaeducativa\/wp-json\/wp\/v2\/posts\/2025","targetHints":{"allow":["GET"]}}],"collection":[{"href":"https:\/\/acidh.org\/areaeducativa\/wp-json\/wp\/v2\/posts"}],"about":[{"href":"https:\/\/acidh.org\/areaeducativa\/wp-json\/wp\/v2\/types\/post"}],"author":[{"embeddable":true,"href":"https:\/\/acidh.org\/areaeducativa\/wp-json\/wp\/v2\/users\/13"}],"replies":[{"embeddable":true,"href":"https:\/\/acidh.org\/areaeducativa\/wp-json\/wp\/v2\/comments?post=2025"}],"version-history":[{"count":2,"href":"https:\/\/acidh.org\/areaeducativa\/wp-json\/wp\/v2\/posts\/2025\/revisions"}],"predecessor-version":[{"id":2031,"href":"https:\/\/acidh.org\/areaeducativa\/wp-json\/wp\/v2\/posts\/2025\/revisions\/2031"}],"wp:featuredmedia":[{"embeddable":true,"href":"https:\/\/acidh.org\/areaeducativa\/wp-json\/wp\/v2\/media\/2028"}],"wp:attachment":[{"href":"https:\/\/acidh.org\/areaeducativa\/wp-json\/wp\/v2\/media?parent=2025"}],"wp:term":[{"taxonomy":"category","embeddable":true,"href":"https:\/\/acidh.org\/areaeducativa\/wp-json\/wp\/v2\/categories?post=2025"},{"taxonomy":"post_tag","embeddable":true,"href":"https:\/\/acidh.org\/areaeducativa\/wp-json\/wp\/v2\/tags?post=2025"}],"curies":[{"name":"wp","href":"https:\/\/api.w.org\/{rel}","templated":true}]}}