{"id":2037,"date":"2022-04-19T11:20:56","date_gmt":"2022-04-19T11:20:56","guid":{"rendered":"https:\/\/www.acidh.org\/areaeducativa\/?p=2037"},"modified":"2022-04-19T11:20:56","modified_gmt":"2022-04-19T11:20:56","slug":"treball-de-sintesi-2022","status":"publish","type":"post","link":"https:\/\/acidh.org\/areaeducativa\/general-educativa\/treball-de-sintesi-2022\/","title":{"rendered":"Treball de s\u00edntesi 2022"},"content":{"rendered":"<p>La setmana del passat dia 3 d&#8217;abril l&#8217;alumnat d&#8217;ESO va participar en el treball de s\u00edntesi d&#8217;enguany.<\/p>\n<p>Aquest t\u00e9 com a objectiu desenvolupar les compet\u00e8ncies b\u00e0siques i la resoluci\u00f3 de q\u00fcestions pr\u00e0ctiques treballades en les diferents mat\u00e8ries. Per aquest motiu es van realitzar un conjunt d&#8217;activitats d&#8217;aprenentatge en equip en les que els alumnes van poder treballar-les i demostrar el seu assoliment.<\/p>\n<p>Aquest any, encara inmersos el context del Covid, les activitats s&#8217;han realitzat a l&#8217;escola aprofitant les avantatges que ens ofereix el nostre entorn, la ciutat de Barcelona i els seus voltants.<\/p>\n<p>Al llarg d&#8217;aquests quatre dies part dels grups d&#8217;alumnes han pogut aprofundir en els seus projectes anuals i d&#8217;altres han jniciat projectes nous.<\/p>\n<p>Ha estat una setmana en les que s&#8217;han viscut moltes experi\u00e8ncies noves envoltades de molta emoci\u00f3.<\/p>\n<p>Per acabar, l&#8217;\u00faltim dia vam poder compartir amb la resta de companys els seus treballs, i com a cloenda vam gaudir\u00a0 amb una festa en la que els alumnes de sis\u00e8 ens van oferir esmorzars i jocs.<\/p>\n<p><a href=\"https:\/\/acidh.org\/areaeducativa\/wp-content\/uploads\/sites\/2\/2022\/04\/1er3.jpeg\"><img loading=\"lazy\" decoding=\"async\" class=\"alignnone size-medium wp-image-2046\" src=\"https:\/\/acidh.org\/areaeducativa\/wp-content\/uploads\/sites\/2\/2022\/04\/1er3-300x225.jpeg\" alt=\"Alumnes de 1er realitzant sortides del treball de s\u00edntesi\" width=\"300\" height=\"225\" \/><\/a><\/p>\n<p><a href=\"https:\/\/acidh.org\/areaeducativa\/wp-content\/uploads\/sites\/2\/2022\/04\/1eer-B.jpeg\"><img loading=\"lazy\" decoding=\"async\" class=\"alignnone size-medium wp-image-2040\" src=\"https:\/\/acidh.org\/areaeducativa\/wp-content\/uploads\/sites\/2\/2022\/04\/1eer-B-300x300.jpeg\" alt=\"\" width=\"300\" height=\"300\" \/><\/a><\/p>\n<p><a href=\"https:\/\/acidh.org\/areaeducativa\/wp-content\/uploads\/sites\/2\/2022\/04\/1er.jpeg\"><img loading=\"lazy\" decoding=\"async\" class=\"alignnone size-medium wp-image-2044\" src=\"https:\/\/acidh.org\/areaeducativa\/wp-content\/uploads\/sites\/2\/2022\/04\/1er-241x300.jpeg\" alt=\"Alumnes de 1er realitzant sortides del treball de s\u00edntesi\" width=\"241\" height=\"300\" \/><\/a><\/p>\n<p><a href=\"https:\/\/acidh.org\/areaeducativa\/wp-content\/uploads\/sites\/2\/2022\/04\/2on-A.jpeg\"><img loading=\"lazy\" decoding=\"async\" class=\"alignnone size-medium wp-image-2048\" src=\"https:\/\/acidh.org\/areaeducativa\/wp-content\/uploads\/sites\/2\/2022\/04\/2on-A-300x229.jpeg\" alt=\"Alumnes de 2on realitzant sortides del treball de s\u00edntesi\" width=\"300\" height=\"229\" \/><\/a><\/p>\n<p><a href=\"https:\/\/acidh.org\/areaeducativa\/wp-content\/uploads\/sites\/2\/2022\/04\/2onA-1.jpeg\"><img loading=\"lazy\" decoding=\"async\" class=\"alignnone size-medium wp-image-2052\" src=\"https:\/\/acidh.org\/areaeducativa\/wp-content\/uploads\/sites\/2\/2022\/04\/2onA-1-300x300.jpeg\" alt=\"Alumnes de 2on realitzant sortides del treball de s\u00edntesi\" width=\"300\" height=\"300\" \/><\/a><\/p>\n<p><a href=\"https:\/\/acidh.org\/areaeducativa\/wp-content\/uploads\/sites\/2\/2022\/04\/2on.jpeg\"><img loading=\"lazy\" decoding=\"async\" class=\"alignnone size-medium wp-image-2050\" src=\"https:\/\/acidh.org\/areaeducativa\/wp-content\/uploads\/sites\/2\/2022\/04\/2on-241x300.jpeg\" alt=\"Alumnes de 2on realitzant sortides del treball de s\u00edntesi\" width=\"241\" height=\"300\" \/><\/a><\/p>\n<p><a href=\"https:\/\/acidh.org\/areaeducativa\/wp-content\/uploads\/sites\/2\/2022\/04\/2onB.jpeg\"><img loading=\"lazy\" decoding=\"async\" class=\"alignnone size-medium wp-image-2054\" src=\"https:\/\/acidh.org\/areaeducativa\/wp-content\/uploads\/sites\/2\/2022\/04\/2onB-225x300.jpeg\" alt=\"Alumnes de 2on realitzant sortides del treball de s\u00edntesi\" width=\"225\" height=\"300\" \/><\/a><\/p>\n<p><a href=\"https:\/\/acidh.org\/areaeducativa\/wp-content\/uploads\/sites\/2\/2022\/04\/3er.jpeg\"><img loading=\"lazy\" decoding=\"async\" class=\"alignnone size-medium wp-image-2056\" src=\"https:\/\/acidh.org\/areaeducativa\/wp-content\/uploads\/sites\/2\/2022\/04\/3er-300x229.jpeg\" alt=\"Alumnes de 3er realitzant sortides del treball de s\u00edntesi\" width=\"300\" height=\"229\" \/><\/a><\/p>\n<p><a href=\"https:\/\/acidh.org\/areaeducativa\/wp-content\/uploads\/sites\/2\/2022\/04\/4rt-5e.jpeg\"><img loading=\"lazy\" decoding=\"async\" class=\"alignnone size-medium wp-image-2058\" src=\"https:\/\/acidh.org\/areaeducativa\/wp-content\/uploads\/sites\/2\/2022\/04\/4rt-5e-300x225.jpeg\" alt=\"Alumnes de 4rt i 5\u00e8 realitzant sortides del treball de s\u00edntesi\" width=\"300\" height=\"225\" \/><\/a><\/p>\n<p><a href=\"https:\/\/acidh.org\/areaeducativa\/wp-content\/uploads\/sites\/2\/2022\/04\/6e.jpg\"><img loading=\"lazy\" decoding=\"async\" class=\"alignnone size-medium wp-image-2060\" src=\"https:\/\/acidh.org\/areaeducativa\/wp-content\/uploads\/sites\/2\/2022\/04\/6e-300x225.jpg\" alt=\"Alumnes realitzant jocs en l'acte de cloenda\" width=\"300\" height=\"225\" \/><\/a><\/p>\n<p>&nbsp;<\/p>\n<p>&nbsp;<\/p>\n<p>&nbsp;<\/p>\n<p>&nbsp;<\/p>\n<p>&nbsp;<\/p>\n","protected":false},"excerpt":{"rendered":"<p>La setmana del passat dia 3 d&#8217;abril l&#8217;alumnat d&#8217;ESO va participar en el treball de s\u00edntesi d&#8217;enguany. Aquest t\u00e9 com a objectiu desenvolupar les compet\u00e8ncies b\u00e0siques i la resoluci\u00f3 de q\u00fcestions pr\u00e0ctiques treballades en les diferents mat\u00e8ries. Per aquest motiu es van realitzar un conjunt d&#8217;activitats d&#8217;aprenentatge en equip en les que els alumnes van [&hellip;]<\/p>\n","protected":false},"author":13,"featured_media":2042,"comment_status":"open","ping_status":"open","sticky":false,"template":"","format":"standard","meta":{"_et_pb_use_builder":"","_et_pb_old_content":"","_et_gb_content_width":"","footnotes":""},"categories":[1],"tags":[94,89,38,53,37,20],"class_list":["post-2037","post","type-post","status-publish","format-standard","has-post-thumbnail","hentry","category-general-educativa","tag-altrescapacitats","tag-projectes","tag-acidh","tag-femlailvisible","tag-inclusio","tag-inteligencialimit"],"yoast_head":"<!-- This site is optimized with the Yoast SEO plugin v27.4 - https:\/\/yoast.com\/product\/yoast-seo-wordpress\/ -->\n<title>Treball de s\u00edntesi 2022 - \u00c0rea Educativa<\/title>\n<meta name=\"robots\" content=\"index, follow, max-snippet:-1, max-image-preview:large, max-video-preview:-1\" \/>\n<link rel=\"canonical\" href=\"https:\/\/acidh.org\/areaeducativa\/general-educativa\/treball-de-sintesi-2022\/\" \/>\n<meta property=\"og:locale\" content=\"es_ES\" \/>\n<meta property=\"og:type\" content=\"article\" \/>\n<meta property=\"og:title\" content=\"Treball de s\u00edntesi 2022 - \u00c0rea Educativa\" \/>\n<meta property=\"og:description\" content=\"La setmana del passat dia 3 d&#8217;abril l&#8217;alumnat d&#8217;ESO va participar en el treball de s\u00edntesi d&#8217;enguany. Aquest t\u00e9 com a objectiu desenvolupar les compet\u00e8ncies b\u00e0siques i la resoluci\u00f3 de q\u00fcestions pr\u00e0ctiques treballades en les diferents mat\u00e8ries. Per aquest motiu es van realitzar un conjunt d&#8217;activitats d&#8217;aprenentatge en equip en les que els alumnes van [&hellip;]\" \/>\n<meta property=\"og:url\" content=\"https:\/\/acidh.org\/areaeducativa\/general-educativa\/treball-de-sintesi-2022\/\" \/>\n<meta property=\"og:site_name\" content=\"\u00c0rea Educativa\" \/>\n<meta property=\"article:published_time\" content=\"2022-04-19T11:20:56+00:00\" \/>\n<meta property=\"og:image\" content=\"https:\/\/acidh.org\/areaeducativa\/wp-content\/uploads\/sites\/2\/2022\/04\/1er-1.jpeg\" \/>\n\t<meta property=\"og:image:width\" content=\"1440\" \/>\n\t<meta property=\"og:image:height\" content=\"1800\" \/>\n\t<meta property=\"og:image:type\" content=\"image\/jpeg\" \/>\n<meta name=\"author\" content=\"educativa\" \/>\n<meta name=\"twitter:card\" content=\"summary_large_image\" \/>\n<meta name=\"twitter:label1\" content=\"Escrito por\" \/>\n\t<meta name=\"twitter:data1\" content=\"educativa\" \/>\n\t<meta name=\"twitter:label2\" content=\"Tiempo de lectura\" \/>\n\t<meta name=\"twitter:data2\" content=\"3 minutos\" \/>\n<script type=\"application\/ld+json\" class=\"yoast-schema-graph\">{\"@context\":\"https:\\\/\\\/schema.org\",\"@graph\":[{\"@type\":\"Article\",\"@id\":\"https:\\\/\\\/acidh.org\\\/areaeducativa\\\/general-educativa\\\/treball-de-sintesi-2022\\\/#article\",\"isPartOf\":{\"@id\":\"https:\\\/\\\/acidh.org\\\/areaeducativa\\\/general-educativa\\\/treball-de-sintesi-2022\\\/\"},\"author\":{\"name\":\"educativa\",\"@id\":\"https:\\\/\\\/acidh.org\\\/areaeducativa\\\/es\\\/#\\\/schema\\\/person\\\/892319a3cbd42f1cee2d604561932855\"},\"headline\":\"Treball de s\u00edntesi 2022\",\"datePublished\":\"2022-04-19T11:20:56+00:00\",\"mainEntityOfPage\":{\"@id\":\"https:\\\/\\\/acidh.org\\\/areaeducativa\\\/general-educativa\\\/treball-de-sintesi-2022\\\/\"},\"wordCount\":197,\"commentCount\":0,\"image\":{\"@id\":\"https:\\\/\\\/acidh.org\\\/areaeducativa\\\/general-educativa\\\/treball-de-sintesi-2022\\\/#primaryimage\"},\"thumbnailUrl\":\"https:\\\/\\\/acidh.org\\\/areaeducativa\\\/wp-content\\\/uploads\\\/sites\\\/2\\\/2022\\\/04\\\/1er-1.jpeg\",\"keywords\":[\"#altrescapacitats\",\"#projectes\",\"acidH\",\"femlaILvisible\",\"Inclusi\u00f3\",\"Intelig\u00e8nciaL\u00edmit\"],\"articleSection\":[\"General Educativa\"],\"inLanguage\":\"es\",\"potentialAction\":[{\"@type\":\"CommentAction\",\"name\":\"Comment\",\"target\":[\"https:\\\/\\\/acidh.org\\\/areaeducativa\\\/general-educativa\\\/treball-de-sintesi-2022\\\/#respond\"]}]},{\"@type\":\"WebPage\",\"@id\":\"https:\\\/\\\/acidh.org\\\/areaeducativa\\\/general-educativa\\\/treball-de-sintesi-2022\\\/\",\"url\":\"https:\\\/\\\/acidh.org\\\/areaeducativa\\\/general-educativa\\\/treball-de-sintesi-2022\\\/\",\"name\":\"Treball de s\u00edntesi 2022 - \u00c0rea Educativa\",\"isPartOf\":{\"@id\":\"https:\\\/\\\/acidh.org\\\/areaeducativa\\\/es\\\/#website\"},\"primaryImageOfPage\":{\"@id\":\"https:\\\/\\\/acidh.org\\\/areaeducativa\\\/general-educativa\\\/treball-de-sintesi-2022\\\/#primaryimage\"},\"image\":{\"@id\":\"https:\\\/\\\/acidh.org\\\/areaeducativa\\\/general-educativa\\\/treball-de-sintesi-2022\\\/#primaryimage\"},\"thumbnailUrl\":\"https:\\\/\\\/acidh.org\\\/areaeducativa\\\/wp-content\\\/uploads\\\/sites\\\/2\\\/2022\\\/04\\\/1er-1.jpeg\",\"datePublished\":\"2022-04-19T11:20:56+00:00\",\"author\":{\"@id\":\"https:\\\/\\\/acidh.org\\\/areaeducativa\\\/es\\\/#\\\/schema\\\/person\\\/892319a3cbd42f1cee2d604561932855\"},\"breadcrumb\":{\"@id\":\"https:\\\/\\\/acidh.org\\\/areaeducativa\\\/general-educativa\\\/treball-de-sintesi-2022\\\/#breadcrumb\"},\"inLanguage\":\"es\",\"potentialAction\":[{\"@type\":\"ReadAction\",\"target\":[\"https:\\\/\\\/acidh.org\\\/areaeducativa\\\/general-educativa\\\/treball-de-sintesi-2022\\\/\"]}]},{\"@type\":\"ImageObject\",\"inLanguage\":\"es\",\"@id\":\"https:\\\/\\\/acidh.org\\\/areaeducativa\\\/general-educativa\\\/treball-de-sintesi-2022\\\/#primaryimage\",\"url\":\"https:\\\/\\\/acidh.org\\\/areaeducativa\\\/wp-content\\\/uploads\\\/sites\\\/2\\\/2022\\\/04\\\/1er-1.jpeg\",\"contentUrl\":\"https:\\\/\\\/acidh.org\\\/areaeducativa\\\/wp-content\\\/uploads\\\/sites\\\/2\\\/2022\\\/04\\\/1er-1.jpeg\",\"width\":1440,\"height\":1800,\"caption\":\"Alumnes de 1er realitzant sortides del treball de s\u00edntesi\"},{\"@type\":\"BreadcrumbList\",\"@id\":\"https:\\\/\\\/acidh.org\\\/areaeducativa\\\/general-educativa\\\/treball-de-sintesi-2022\\\/#breadcrumb\",\"itemListElement\":[{\"@type\":\"ListItem\",\"position\":1,\"name\":\"Portada\",\"item\":\"https:\\\/\\\/acidh.org\\\/areaeducativa\\\/\"},{\"@type\":\"ListItem\",\"position\":2,\"name\":\"Treball de s\u00edntesi 2022\"}]},{\"@type\":\"WebSite\",\"@id\":\"https:\\\/\\\/acidh.org\\\/areaeducativa\\\/es\\\/#website\",\"url\":\"https:\\\/\\\/acidh.org\\\/areaeducativa\\\/es\\\/\",\"name\":\"\u00c0rea Educativa\",\"description\":\"AcidH\",\"potentialAction\":[{\"@type\":\"SearchAction\",\"target\":{\"@type\":\"EntryPoint\",\"urlTemplate\":\"https:\\\/\\\/acidh.org\\\/areaeducativa\\\/es\\\/?s={search_term_string}\"},\"query-input\":{\"@type\":\"PropertyValueSpecification\",\"valueRequired\":true,\"valueName\":\"search_term_string\"}}],\"inLanguage\":\"es\"},{\"@type\":\"Person\",\"@id\":\"https:\\\/\\\/acidh.org\\\/areaeducativa\\\/es\\\/#\\\/schema\\\/person\\\/892319a3cbd42f1cee2d604561932855\",\"name\":\"educativa\",\"image\":{\"@type\":\"ImageObject\",\"inLanguage\":\"es\",\"@id\":\"https:\\\/\\\/secure.gravatar.com\\\/avatar\\\/ac84e3683d617b109ae5d7512057ee5bf0e47095767fc993f65ae3cdb98560bc?s=96&d=mm&r=g\",\"url\":\"https:\\\/\\\/secure.gravatar.com\\\/avatar\\\/ac84e3683d617b109ae5d7512057ee5bf0e47095767fc993f65ae3cdb98560bc?s=96&d=mm&r=g\",\"contentUrl\":\"https:\\\/\\\/secure.gravatar.com\\\/avatar\\\/ac84e3683d617b109ae5d7512057ee5bf0e47095767fc993f65ae3cdb98560bc?s=96&d=mm&r=g\",\"caption\":\"educativa\"},\"url\":\"https:\\\/\\\/acidh.org\\\/areaeducativa\\\/author\\\/amarruedo\\\/\"}]}<\/script>\n<!-- \/ Yoast SEO plugin. -->","yoast_head_json":{"title":"Treball de s\u00edntesi 2022 - \u00c0rea Educativa","robots":{"index":"index","follow":"follow","max-snippet":"max-snippet:-1","max-image-preview":"max-image-preview:large","max-video-preview":"max-video-preview:-1"},"canonical":"https:\/\/acidh.org\/areaeducativa\/general-educativa\/treball-de-sintesi-2022\/","og_locale":"es_ES","og_type":"article","og_title":"Treball de s\u00edntesi 2022 - \u00c0rea Educativa","og_description":"La setmana del passat dia 3 d&#8217;abril l&#8217;alumnat d&#8217;ESO va participar en el treball de s\u00edntesi d&#8217;enguany. Aquest t\u00e9 com a objectiu desenvolupar les compet\u00e8ncies b\u00e0siques i la resoluci\u00f3 de q\u00fcestions pr\u00e0ctiques treballades en les diferents mat\u00e8ries. Per aquest motiu es van realitzar un conjunt d&#8217;activitats d&#8217;aprenentatge en equip en les que els alumnes van [&hellip;]","og_url":"https:\/\/acidh.org\/areaeducativa\/general-educativa\/treball-de-sintesi-2022\/","og_site_name":"\u00c0rea Educativa","article_published_time":"2022-04-19T11:20:56+00:00","og_image":[{"width":1440,"height":1800,"url":"https:\/\/acidh.org\/areaeducativa\/wp-content\/uploads\/sites\/2\/2022\/04\/1er-1.jpeg","type":"image\/jpeg"}],"author":"educativa","twitter_card":"summary_large_image","twitter_misc":{"Escrito por":"educativa","Tiempo de lectura":"3 minutos"},"schema":{"@context":"https:\/\/schema.org","@graph":[{"@type":"Article","@id":"https:\/\/acidh.org\/areaeducativa\/general-educativa\/treball-de-sintesi-2022\/#article","isPartOf":{"@id":"https:\/\/acidh.org\/areaeducativa\/general-educativa\/treball-de-sintesi-2022\/"},"author":{"name":"educativa","@id":"https:\/\/acidh.org\/areaeducativa\/es\/#\/schema\/person\/892319a3cbd42f1cee2d604561932855"},"headline":"Treball de s\u00edntesi 2022","datePublished":"2022-04-19T11:20:56+00:00","mainEntityOfPage":{"@id":"https:\/\/acidh.org\/areaeducativa\/general-educativa\/treball-de-sintesi-2022\/"},"wordCount":197,"commentCount":0,"image":{"@id":"https:\/\/acidh.org\/areaeducativa\/general-educativa\/treball-de-sintesi-2022\/#primaryimage"},"thumbnailUrl":"https:\/\/acidh.org\/areaeducativa\/wp-content\/uploads\/sites\/2\/2022\/04\/1er-1.jpeg","keywords":["#altrescapacitats","#projectes","acidH","femlaILvisible","Inclusi\u00f3","Intelig\u00e8nciaL\u00edmit"],"articleSection":["General Educativa"],"inLanguage":"es","potentialAction":[{"@type":"CommentAction","name":"Comment","target":["https:\/\/acidh.org\/areaeducativa\/general-educativa\/treball-de-sintesi-2022\/#respond"]}]},{"@type":"WebPage","@id":"https:\/\/acidh.org\/areaeducativa\/general-educativa\/treball-de-sintesi-2022\/","url":"https:\/\/acidh.org\/areaeducativa\/general-educativa\/treball-de-sintesi-2022\/","name":"Treball de s\u00edntesi 2022 - \u00c0rea Educativa","isPartOf":{"@id":"https:\/\/acidh.org\/areaeducativa\/es\/#website"},"primaryImageOfPage":{"@id":"https:\/\/acidh.org\/areaeducativa\/general-educativa\/treball-de-sintesi-2022\/#primaryimage"},"image":{"@id":"https:\/\/acidh.org\/areaeducativa\/general-educativa\/treball-de-sintesi-2022\/#primaryimage"},"thumbnailUrl":"https:\/\/acidh.org\/areaeducativa\/wp-content\/uploads\/sites\/2\/2022\/04\/1er-1.jpeg","datePublished":"2022-04-19T11:20:56+00:00","author":{"@id":"https:\/\/acidh.org\/areaeducativa\/es\/#\/schema\/person\/892319a3cbd42f1cee2d604561932855"},"breadcrumb":{"@id":"https:\/\/acidh.org\/areaeducativa\/general-educativa\/treball-de-sintesi-2022\/#breadcrumb"},"inLanguage":"es","potentialAction":[{"@type":"ReadAction","target":["https:\/\/acidh.org\/areaeducativa\/general-educativa\/treball-de-sintesi-2022\/"]}]},{"@type":"ImageObject","inLanguage":"es","@id":"https:\/\/acidh.org\/areaeducativa\/general-educativa\/treball-de-sintesi-2022\/#primaryimage","url":"https:\/\/acidh.org\/areaeducativa\/wp-content\/uploads\/sites\/2\/2022\/04\/1er-1.jpeg","contentUrl":"https:\/\/acidh.org\/areaeducativa\/wp-content\/uploads\/sites\/2\/2022\/04\/1er-1.jpeg","width":1440,"height":1800,"caption":"Alumnes de 1er realitzant sortides del treball de s\u00edntesi"},{"@type":"BreadcrumbList","@id":"https:\/\/acidh.org\/areaeducativa\/general-educativa\/treball-de-sintesi-2022\/#breadcrumb","itemListElement":[{"@type":"ListItem","position":1,"name":"Portada","item":"https:\/\/acidh.org\/areaeducativa\/"},{"@type":"ListItem","position":2,"name":"Treball de s\u00edntesi 2022"}]},{"@type":"WebSite","@id":"https:\/\/acidh.org\/areaeducativa\/es\/#website","url":"https:\/\/acidh.org\/areaeducativa\/es\/","name":"\u00c0rea Educativa","description":"AcidH","potentialAction":[{"@type":"SearchAction","target":{"@type":"EntryPoint","urlTemplate":"https:\/\/acidh.org\/areaeducativa\/es\/?s={search_term_string}"},"query-input":{"@type":"PropertyValueSpecification","valueRequired":true,"valueName":"search_term_string"}}],"inLanguage":"es"},{"@type":"Person","@id":"https:\/\/acidh.org\/areaeducativa\/es\/#\/schema\/person\/892319a3cbd42f1cee2d604561932855","name":"educativa","image":{"@type":"ImageObject","inLanguage":"es","@id":"https:\/\/secure.gravatar.com\/avatar\/ac84e3683d617b109ae5d7512057ee5bf0e47095767fc993f65ae3cdb98560bc?s=96&d=mm&r=g","url":"https:\/\/secure.gravatar.com\/avatar\/ac84e3683d617b109ae5d7512057ee5bf0e47095767fc993f65ae3cdb98560bc?s=96&d=mm&r=g","contentUrl":"https:\/\/secure.gravatar.com\/avatar\/ac84e3683d617b109ae5d7512057ee5bf0e47095767fc993f65ae3cdb98560bc?s=96&d=mm&r=g","caption":"educativa"},"url":"https:\/\/acidh.org\/areaeducativa\/author\/amarruedo\/"}]}},"_links":{"self":[{"href":"https:\/\/acidh.org\/areaeducativa\/wp-json\/wp\/v2\/posts\/2037","targetHints":{"allow":["GET"]}}],"collection":[{"href":"https:\/\/acidh.org\/areaeducativa\/wp-json\/wp\/v2\/posts"}],"about":[{"href":"https:\/\/acidh.org\/areaeducativa\/wp-json\/wp\/v2\/types\/post"}],"author":[{"embeddable":true,"href":"https:\/\/acidh.org\/areaeducativa\/wp-json\/wp\/v2\/users\/13"}],"replies":[{"embeddable":true,"href":"https:\/\/acidh.org\/areaeducativa\/wp-json\/wp\/v2\/comments?post=2037"}],"version-history":[{"count":3,"href":"https:\/\/acidh.org\/areaeducativa\/wp-json\/wp\/v2\/posts\/2037\/revisions"}],"predecessor-version":[{"id":2062,"href":"https:\/\/acidh.org\/areaeducativa\/wp-json\/wp\/v2\/posts\/2037\/revisions\/2062"}],"wp:featuredmedia":[{"embeddable":true,"href":"https:\/\/acidh.org\/areaeducativa\/wp-json\/wp\/v2\/media\/2042"}],"wp:attachment":[{"href":"https:\/\/acidh.org\/areaeducativa\/wp-json\/wp\/v2\/media?parent=2037"}],"wp:term":[{"taxonomy":"category","embeddable":true,"href":"https:\/\/acidh.org\/areaeducativa\/wp-json\/wp\/v2\/categories?post=2037"},{"taxonomy":"post_tag","embeddable":true,"href":"https:\/\/acidh.org\/areaeducativa\/wp-json\/wp\/v2\/tags?post=2037"}],"curies":[{"name":"wp","href":"https:\/\/api.w.org\/{rel}","templated":true}]}}