{"id":2089,"date":"2022-05-20T11:16:56","date_gmt":"2022-05-20T11:16:56","guid":{"rendered":"https:\/\/www.acidh.org\/areaeducativa\/?p=2089"},"modified":"2022-05-20T11:21:29","modified_gmt":"2022-05-20T11:21:29","slug":"aps-i-colaboraciones","status":"publish","type":"post","link":"https:\/\/acidh.org\/areaeducativa\/general-educativa-es\/aps-i-colaboraciones\/","title":{"rendered":"APS y colaboraciones"},"content":{"rendered":"<p>El proyecto educativo del\u00a0PFI\u00a0se caracteriza por el aprendizaje a trav\u00e9s de proyectos y las colaboraciones con entidades donde nuestro alumnado pueda desarrollar tareas que tienen que ver con el curr\u00edculum.<\/p>\n<p>Este curso tanto el PFI de hosteleria como el de oficina ha participado en diferentes proyectos que queremos destacar.<\/p>\n<p>INTERMON OXFAM<\/p>\n<p>El alumnado de segundo de oficina ha dado soporte en tareas administrativas a la ONG Intermon Oxfam<\/p>\n<p><a href=\"https:\/\/acidh.org\/areaeducativa\/wp-content\/uploads\/sites\/2\/2022\/05\/1651564330871.jpg\"><img loading=\"lazy\" decoding=\"async\" class=\"alignnone size-medium wp-image-2072\" src=\"https:\/\/acidh.org\/areaeducativa\/wp-content\/uploads\/sites\/2\/2022\/05\/1651564330871-300x226.jpg\" alt=\"\" width=\"300\" height=\"226\" \/><\/a><\/p>\n<p>CRUZ ROJA<\/p>\n<p>Tanto el alumnado de primero como de segundo de oficina ha colaborado en la campa\u00f1a de juguetes y tambi\u00e9n haciendo llamadas a los voluntarios de la Cruz Roja por agradecer su labor<\/p>\n<p><a href=\"https:\/\/acidh.org\/areaeducativa\/wp-content\/uploads\/sites\/2\/2022\/05\/IMG-20220126-WA0025.jpg\"><img loading=\"lazy\" decoding=\"async\" class=\"alignnone size-medium wp-image-2074\" src=\"https:\/\/acidh.org\/areaeducativa\/wp-content\/uploads\/sites\/2\/2022\/05\/IMG-20220126-WA0025-300x225.jpg\" alt=\"\" width=\"300\" height=\"225\" \/><\/a> <a href=\"https:\/\/acidh.org\/areaeducativa\/wp-content\/uploads\/sites\/2\/2022\/05\/1646046915179.jpg\"><img loading=\"lazy\" decoding=\"async\" class=\"size-medium wp-image-2076 alignright\" src=\"https:\/\/acidh.org\/areaeducativa\/wp-content\/uploads\/sites\/2\/2022\/05\/1646046915179-300x226.jpg\" alt=\"\" width=\"300\" height=\"226\" \/>\u00a0\u00a0\u00a0\u00a0\u00a0\u00a0\u00a0\u00a0<\/a><\/p>\n<p>BARCELONACTUA<\/p>\n<p>El alumnado de hosteleria contin\u00faa colaborando, a trav\u00e9s del proyecto cuinetes, con Barcelonactua para dar servicio a un comedor social de esta entidad<\/p>\n<p><a href=\"https:\/\/acidh.org\/areaeducativa\/wp-content\/uploads\/sites\/2\/2022\/05\/IMG-20211007-WA0029.jpg\"><img loading=\"lazy\" decoding=\"async\" class=\"alignnone size-medium wp-image-2078\" src=\"https:\/\/acidh.org\/areaeducativa\/wp-content\/uploads\/sites\/2\/2022\/05\/IMG-20211007-WA0029-225x300.jpg\" alt=\"\" width=\"225\" height=\"300\" \/><\/a> <a href=\"https:\/\/acidh.org\/areaeducativa\/wp-content\/uploads\/sites\/2\/2022\/05\/IMG-20211007-WA0028.jpg\"><img loading=\"lazy\" decoding=\"async\" class=\"size-medium wp-image-2082 alignnone\" src=\"https:\/\/acidh.org\/areaeducativa\/wp-content\/uploads\/sites\/2\/2022\/05\/IMG-20211007-WA0028-225x300.jpg\" alt=\"\" width=\"225\" height=\"300\" \/><\/a><\/p>\n<p>PRIMER CONCURSO DE TAPAS<\/p>\n<p>Dentro del marco de hacer una actividad conjunta con la empresa de tecnolog\u00eda COLT, se organiz\u00f3 el primer concurso de tapas donde particip\u00f3 el alumnado de segundo de hosteleria y algunos trabajadores de la empresa. Pudimos contar con la presencia de Marta Ivern, influencer al \u00e1mbito de cocina.<\/p>\n<p><a href=\"https:\/\/acidh.org\/areaeducativa\/wp-content\/uploads\/sites\/2\/2022\/05\/1652872200982.jpg\"><img loading=\"lazy\" decoding=\"async\" class=\"alignnone size-medium wp-image-2084\" src=\"https:\/\/acidh.org\/areaeducativa\/wp-content\/uploads\/sites\/2\/2022\/05\/1652872200982-300x225.jpg\" alt=\"\" width=\"300\" height=\"225\" \/><\/a> <a href=\"https:\/\/acidh.org\/areaeducativa\/wp-content\/uploads\/sites\/2\/2022\/05\/1652872200995.jpg\"><img loading=\"lazy\" decoding=\"async\" class=\"alignnone size-medium wp-image-2086\" src=\"https:\/\/acidh.org\/areaeducativa\/wp-content\/uploads\/sites\/2\/2022\/05\/1652872200995-300x225.jpg\" alt=\"\" width=\"300\" height=\"225\" \/><\/a><\/p>\n<p>&nbsp;<\/p>\n","protected":false},"excerpt":{"rendered":"<p>El proyecto educativo del\u00a0PFI\u00a0se caracteriza por el aprendizaje a trav\u00e9s de proyectos y las colaboraciones con entidades donde nuestro alumnado pueda desarrollar tareas que tienen que ver con el curr\u00edculum. Este curso tanto el PFI de hosteleria como el de oficina ha participado en diferentes proyectos que queremos destacar. INTERMON OXFAM El alumnado de segundo [&hellip;]<\/p>\n","protected":false},"author":31,"featured_media":2072,"comment_status":"open","ping_status":"open","sticky":false,"template":"","format":"standard","meta":{"_et_pb_use_builder":"","_et_pb_old_content":"","_et_gb_content_width":"","footnotes":""},"categories":[2],"tags":[105,108,101,75,73,76,39],"class_list":["post-2089","post","type-post","status-publish","format-standard","has-post-thumbnail","hentry","category-general-educativa-es","tag-altrescapacitats-es","tag-barridegracia-es","tag-jotambesocesencial-es","tag-pfi_adaptat-es","tag-pfi_hosteleria","tag-pfi_oficina-es","tag-acidh-es"],"yoast_head":"<!-- This site is optimized with the Yoast SEO plugin v27.4 - https:\/\/yoast.com\/product\/yoast-seo-wordpress\/ -->\n<title>APS y colaboraciones - \u00c0rea Educativa<\/title>\n<meta name=\"robots\" content=\"index, follow, max-snippet:-1, max-image-preview:large, max-video-preview:-1\" \/>\n<link rel=\"canonical\" href=\"https:\/\/acidh.org\/areaeducativa\/es\/general-educativa-es\/aps-i-colaboraciones\/\" \/>\n<meta property=\"og:locale\" content=\"es_ES\" \/>\n<meta property=\"og:type\" content=\"article\" \/>\n<meta property=\"og:title\" content=\"APS y colaboraciones - \u00c0rea Educativa\" \/>\n<meta property=\"og:description\" content=\"El proyecto educativo del\u00a0PFI\u00a0se caracteriza por el aprendizaje a trav\u00e9s de proyectos y las colaboraciones con entidades donde nuestro alumnado pueda desarrollar tareas que tienen que ver con el curr\u00edculum. Este curso tanto el PFI de hosteleria como el de oficina ha participado en diferentes proyectos que queremos destacar. INTERMON OXFAM El alumnado de segundo [&hellip;]\" \/>\n<meta property=\"og:url\" content=\"https:\/\/acidh.org\/areaeducativa\/es\/general-educativa-es\/aps-i-colaboraciones\/\" \/>\n<meta property=\"og:site_name\" content=\"\u00c0rea Educativa\" \/>\n<meta property=\"article:published_time\" content=\"2022-05-20T11:16:56+00:00\" \/>\n<meta property=\"article:modified_time\" content=\"2022-05-20T11:21:29+00:00\" \/>\n<meta property=\"og:image\" content=\"https:\/\/acidh.org\/areaeducativa\/wp-content\/uploads\/sites\/2\/2022\/05\/1651564330871-1024x771.jpg\" \/>\n\t<meta property=\"og:image:width\" content=\"1024\" \/>\n\t<meta property=\"og:image:height\" content=\"771\" \/>\n\t<meta property=\"og:image:type\" content=\"image\/jpeg\" \/>\n<meta name=\"author\" content=\"educativa\" \/>\n<meta name=\"twitter:card\" content=\"summary_large_image\" \/>\n<meta name=\"twitter:label1\" content=\"Escrito por\" \/>\n\t<meta name=\"twitter:data1\" content=\"educativa\" \/>\n\t<meta name=\"twitter:label2\" content=\"Tiempo de lectura\" \/>\n\t<meta name=\"twitter:data2\" content=\"3 minutos\" \/>\n<script type=\"application\/ld+json\" class=\"yoast-schema-graph\">{\"@context\":\"https:\\\/\\\/schema.org\",\"@graph\":[{\"@type\":\"Article\",\"@id\":\"https:\\\/\\\/acidh.org\\\/areaeducativa\\\/es\\\/general-educativa-es\\\/aps-i-colaboraciones\\\/#article\",\"isPartOf\":{\"@id\":\"https:\\\/\\\/acidh.org\\\/areaeducativa\\\/es\\\/general-educativa-es\\\/aps-i-colaboraciones\\\/\"},\"author\":{\"name\":\"educativa\",\"@id\":\"https:\\\/\\\/acidh.org\\\/areaeducativa\\\/es\\\/#\\\/schema\\\/person\\\/bfd4976284f0f35c7701c8bffb29bcd3\"},\"headline\":\"APS y colaboraciones\",\"datePublished\":\"2022-05-20T11:16:56+00:00\",\"dateModified\":\"2022-05-20T11:21:29+00:00\",\"mainEntityOfPage\":{\"@id\":\"https:\\\/\\\/acidh.org\\\/areaeducativa\\\/es\\\/general-educativa-es\\\/aps-i-colaboraciones\\\/\"},\"wordCount\":191,\"commentCount\":0,\"image\":{\"@id\":\"https:\\\/\\\/acidh.org\\\/areaeducativa\\\/es\\\/general-educativa-es\\\/aps-i-colaboraciones\\\/#primaryimage\"},\"thumbnailUrl\":\"https:\\\/\\\/acidh.org\\\/areaeducativa\\\/wp-content\\\/uploads\\\/sites\\\/2\\\/2022\\\/05\\\/1651564330871.jpg\",\"keywords\":[\"#altrescapacitats\",\"#barridegracia\",\"#jotambesocesencial\",\"#PFI_adaptat\",\"#pfi_hosteler\u00eda\",\"#pfi_oficina\",\"acidH\"],\"articleSection\":[\"General Educativa\"],\"inLanguage\":\"es\",\"potentialAction\":[{\"@type\":\"CommentAction\",\"name\":\"Comment\",\"target\":[\"https:\\\/\\\/acidh.org\\\/areaeducativa\\\/es\\\/general-educativa-es\\\/aps-i-colaboraciones\\\/#respond\"]}]},{\"@type\":\"WebPage\",\"@id\":\"https:\\\/\\\/acidh.org\\\/areaeducativa\\\/es\\\/general-educativa-es\\\/aps-i-colaboraciones\\\/\",\"url\":\"https:\\\/\\\/acidh.org\\\/areaeducativa\\\/es\\\/general-educativa-es\\\/aps-i-colaboraciones\\\/\",\"name\":\"APS y colaboraciones - \u00c0rea Educativa\",\"isPartOf\":{\"@id\":\"https:\\\/\\\/acidh.org\\\/areaeducativa\\\/es\\\/#website\"},\"primaryImageOfPage\":{\"@id\":\"https:\\\/\\\/acidh.org\\\/areaeducativa\\\/es\\\/general-educativa-es\\\/aps-i-colaboraciones\\\/#primaryimage\"},\"image\":{\"@id\":\"https:\\\/\\\/acidh.org\\\/areaeducativa\\\/es\\\/general-educativa-es\\\/aps-i-colaboraciones\\\/#primaryimage\"},\"thumbnailUrl\":\"https:\\\/\\\/acidh.org\\\/areaeducativa\\\/wp-content\\\/uploads\\\/sites\\\/2\\\/2022\\\/05\\\/1651564330871.jpg\",\"datePublished\":\"2022-05-20T11:16:56+00:00\",\"dateModified\":\"2022-05-20T11:21:29+00:00\",\"author\":{\"@id\":\"https:\\\/\\\/acidh.org\\\/areaeducativa\\\/es\\\/#\\\/schema\\\/person\\\/bfd4976284f0f35c7701c8bffb29bcd3\"},\"breadcrumb\":{\"@id\":\"https:\\\/\\\/acidh.org\\\/areaeducativa\\\/es\\\/general-educativa-es\\\/aps-i-colaboraciones\\\/#breadcrumb\"},\"inLanguage\":\"es\",\"potentialAction\":[{\"@type\":\"ReadAction\",\"target\":[\"https:\\\/\\\/acidh.org\\\/areaeducativa\\\/es\\\/general-educativa-es\\\/aps-i-colaboraciones\\\/\"]}]},{\"@type\":\"ImageObject\",\"inLanguage\":\"es\",\"@id\":\"https:\\\/\\\/acidh.org\\\/areaeducativa\\\/es\\\/general-educativa-es\\\/aps-i-colaboraciones\\\/#primaryimage\",\"url\":\"https:\\\/\\\/acidh.org\\\/areaeducativa\\\/wp-content\\\/uploads\\\/sites\\\/2\\\/2022\\\/05\\\/1651564330871.jpg\",\"contentUrl\":\"https:\\\/\\\/acidh.org\\\/areaeducativa\\\/wp-content\\\/uploads\\\/sites\\\/2\\\/2022\\\/05\\\/1651564330871.jpg\",\"width\":2560,\"height\":1928},{\"@type\":\"BreadcrumbList\",\"@id\":\"https:\\\/\\\/acidh.org\\\/areaeducativa\\\/es\\\/general-educativa-es\\\/aps-i-colaboraciones\\\/#breadcrumb\",\"itemListElement\":[{\"@type\":\"ListItem\",\"position\":1,\"name\":\"Portada\",\"item\":\"https:\\\/\\\/acidh.org\\\/areaeducativa\\\/\"},{\"@type\":\"ListItem\",\"position\":2,\"name\":\"APS y colaboraciones\"}]},{\"@type\":\"WebSite\",\"@id\":\"https:\\\/\\\/acidh.org\\\/areaeducativa\\\/es\\\/#website\",\"url\":\"https:\\\/\\\/acidh.org\\\/areaeducativa\\\/es\\\/\",\"name\":\"\u00c0rea Educativa\",\"description\":\"AcidH\",\"potentialAction\":[{\"@type\":\"SearchAction\",\"target\":{\"@type\":\"EntryPoint\",\"urlTemplate\":\"https:\\\/\\\/acidh.org\\\/areaeducativa\\\/es\\\/?s={search_term_string}\"},\"query-input\":{\"@type\":\"PropertyValueSpecification\",\"valueRequired\":true,\"valueName\":\"search_term_string\"}}],\"inLanguage\":\"es\"},{\"@type\":\"Person\",\"@id\":\"https:\\\/\\\/acidh.org\\\/areaeducativa\\\/es\\\/#\\\/schema\\\/person\\\/bfd4976284f0f35c7701c8bffb29bcd3\",\"name\":\"educativa\",\"image\":{\"@type\":\"ImageObject\",\"inLanguage\":\"es\",\"@id\":\"https:\\\/\\\/secure.gravatar.com\\\/avatar\\\/ad56080fc1a13c86ab9b150aed33d6b5ded16ddc15a605502786b654c31cf05f?s=96&d=mm&r=g\",\"url\":\"https:\\\/\\\/secure.gravatar.com\\\/avatar\\\/ad56080fc1a13c86ab9b150aed33d6b5ded16ddc15a605502786b654c31cf05f?s=96&d=mm&r=g\",\"contentUrl\":\"https:\\\/\\\/secure.gravatar.com\\\/avatar\\\/ad56080fc1a13c86ab9b150aed33d6b5ded16ddc15a605502786b654c31cf05f?s=96&d=mm&r=g\",\"caption\":\"educativa\"},\"url\":\"https:\\\/\\\/acidh.org\\\/areaeducativa\\\/author\\\/asegura\\\/\"}]}<\/script>\n<!-- \/ Yoast SEO plugin. -->","yoast_head_json":{"title":"APS y colaboraciones - \u00c0rea Educativa","robots":{"index":"index","follow":"follow","max-snippet":"max-snippet:-1","max-image-preview":"max-image-preview:large","max-video-preview":"max-video-preview:-1"},"canonical":"https:\/\/acidh.org\/areaeducativa\/es\/general-educativa-es\/aps-i-colaboraciones\/","og_locale":"es_ES","og_type":"article","og_title":"APS y colaboraciones - \u00c0rea Educativa","og_description":"El proyecto educativo del\u00a0PFI\u00a0se caracteriza por el aprendizaje a trav\u00e9s de proyectos y las colaboraciones con entidades donde nuestro alumnado pueda desarrollar tareas que tienen que ver con el curr\u00edculum. Este curso tanto el PFI de hosteleria como el de oficina ha participado en diferentes proyectos que queremos destacar. INTERMON OXFAM El alumnado de segundo [&hellip;]","og_url":"https:\/\/acidh.org\/areaeducativa\/es\/general-educativa-es\/aps-i-colaboraciones\/","og_site_name":"\u00c0rea Educativa","article_published_time":"2022-05-20T11:16:56+00:00","article_modified_time":"2022-05-20T11:21:29+00:00","og_image":[{"width":1024,"height":771,"url":"https:\/\/acidh.org\/areaeducativa\/wp-content\/uploads\/sites\/2\/2022\/05\/1651564330871-1024x771.jpg","type":"image\/jpeg"}],"author":"educativa","twitter_card":"summary_large_image","twitter_misc":{"Escrito por":"educativa","Tiempo de lectura":"3 minutos"},"schema":{"@context":"https:\/\/schema.org","@graph":[{"@type":"Article","@id":"https:\/\/acidh.org\/areaeducativa\/es\/general-educativa-es\/aps-i-colaboraciones\/#article","isPartOf":{"@id":"https:\/\/acidh.org\/areaeducativa\/es\/general-educativa-es\/aps-i-colaboraciones\/"},"author":{"name":"educativa","@id":"https:\/\/acidh.org\/areaeducativa\/es\/#\/schema\/person\/bfd4976284f0f35c7701c8bffb29bcd3"},"headline":"APS y colaboraciones","datePublished":"2022-05-20T11:16:56+00:00","dateModified":"2022-05-20T11:21:29+00:00","mainEntityOfPage":{"@id":"https:\/\/acidh.org\/areaeducativa\/es\/general-educativa-es\/aps-i-colaboraciones\/"},"wordCount":191,"commentCount":0,"image":{"@id":"https:\/\/acidh.org\/areaeducativa\/es\/general-educativa-es\/aps-i-colaboraciones\/#primaryimage"},"thumbnailUrl":"https:\/\/acidh.org\/areaeducativa\/wp-content\/uploads\/sites\/2\/2022\/05\/1651564330871.jpg","keywords":["#altrescapacitats","#barridegracia","#jotambesocesencial","#PFI_adaptat","#pfi_hosteler\u00eda","#pfi_oficina","acidH"],"articleSection":["General Educativa"],"inLanguage":"es","potentialAction":[{"@type":"CommentAction","name":"Comment","target":["https:\/\/acidh.org\/areaeducativa\/es\/general-educativa-es\/aps-i-colaboraciones\/#respond"]}]},{"@type":"WebPage","@id":"https:\/\/acidh.org\/areaeducativa\/es\/general-educativa-es\/aps-i-colaboraciones\/","url":"https:\/\/acidh.org\/areaeducativa\/es\/general-educativa-es\/aps-i-colaboraciones\/","name":"APS y colaboraciones - \u00c0rea Educativa","isPartOf":{"@id":"https:\/\/acidh.org\/areaeducativa\/es\/#website"},"primaryImageOfPage":{"@id":"https:\/\/acidh.org\/areaeducativa\/es\/general-educativa-es\/aps-i-colaboraciones\/#primaryimage"},"image":{"@id":"https:\/\/acidh.org\/areaeducativa\/es\/general-educativa-es\/aps-i-colaboraciones\/#primaryimage"},"thumbnailUrl":"https:\/\/acidh.org\/areaeducativa\/wp-content\/uploads\/sites\/2\/2022\/05\/1651564330871.jpg","datePublished":"2022-05-20T11:16:56+00:00","dateModified":"2022-05-20T11:21:29+00:00","author":{"@id":"https:\/\/acidh.org\/areaeducativa\/es\/#\/schema\/person\/bfd4976284f0f35c7701c8bffb29bcd3"},"breadcrumb":{"@id":"https:\/\/acidh.org\/areaeducativa\/es\/general-educativa-es\/aps-i-colaboraciones\/#breadcrumb"},"inLanguage":"es","potentialAction":[{"@type":"ReadAction","target":["https:\/\/acidh.org\/areaeducativa\/es\/general-educativa-es\/aps-i-colaboraciones\/"]}]},{"@type":"ImageObject","inLanguage":"es","@id":"https:\/\/acidh.org\/areaeducativa\/es\/general-educativa-es\/aps-i-colaboraciones\/#primaryimage","url":"https:\/\/acidh.org\/areaeducativa\/wp-content\/uploads\/sites\/2\/2022\/05\/1651564330871.jpg","contentUrl":"https:\/\/acidh.org\/areaeducativa\/wp-content\/uploads\/sites\/2\/2022\/05\/1651564330871.jpg","width":2560,"height":1928},{"@type":"BreadcrumbList","@id":"https:\/\/acidh.org\/areaeducativa\/es\/general-educativa-es\/aps-i-colaboraciones\/#breadcrumb","itemListElement":[{"@type":"ListItem","position":1,"name":"Portada","item":"https:\/\/acidh.org\/areaeducativa\/"},{"@type":"ListItem","position":2,"name":"APS y colaboraciones"}]},{"@type":"WebSite","@id":"https:\/\/acidh.org\/areaeducativa\/es\/#website","url":"https:\/\/acidh.org\/areaeducativa\/es\/","name":"\u00c0rea Educativa","description":"AcidH","potentialAction":[{"@type":"SearchAction","target":{"@type":"EntryPoint","urlTemplate":"https:\/\/acidh.org\/areaeducativa\/es\/?s={search_term_string}"},"query-input":{"@type":"PropertyValueSpecification","valueRequired":true,"valueName":"search_term_string"}}],"inLanguage":"es"},{"@type":"Person","@id":"https:\/\/acidh.org\/areaeducativa\/es\/#\/schema\/person\/bfd4976284f0f35c7701c8bffb29bcd3","name":"educativa","image":{"@type":"ImageObject","inLanguage":"es","@id":"https:\/\/secure.gravatar.com\/avatar\/ad56080fc1a13c86ab9b150aed33d6b5ded16ddc15a605502786b654c31cf05f?s=96&d=mm&r=g","url":"https:\/\/secure.gravatar.com\/avatar\/ad56080fc1a13c86ab9b150aed33d6b5ded16ddc15a605502786b654c31cf05f?s=96&d=mm&r=g","contentUrl":"https:\/\/secure.gravatar.com\/avatar\/ad56080fc1a13c86ab9b150aed33d6b5ded16ddc15a605502786b654c31cf05f?s=96&d=mm&r=g","caption":"educativa"},"url":"https:\/\/acidh.org\/areaeducativa\/author\/asegura\/"}]}},"_links":{"self":[{"href":"https:\/\/acidh.org\/areaeducativa\/wp-json\/wp\/v2\/posts\/2089","targetHints":{"allow":["GET"]}}],"collection":[{"href":"https:\/\/acidh.org\/areaeducativa\/wp-json\/wp\/v2\/posts"}],"about":[{"href":"https:\/\/acidh.org\/areaeducativa\/wp-json\/wp\/v2\/types\/post"}],"author":[{"embeddable":true,"href":"https:\/\/acidh.org\/areaeducativa\/wp-json\/wp\/v2\/users\/31"}],"replies":[{"embeddable":true,"href":"https:\/\/acidh.org\/areaeducativa\/wp-json\/wp\/v2\/comments?post=2089"}],"version-history":[{"count":3,"href":"https:\/\/acidh.org\/areaeducativa\/wp-json\/wp\/v2\/posts\/2089\/revisions"}],"predecessor-version":[{"id":2093,"href":"https:\/\/acidh.org\/areaeducativa\/wp-json\/wp\/v2\/posts\/2089\/revisions\/2093"}],"wp:featuredmedia":[{"embeddable":true,"href":"https:\/\/acidh.org\/areaeducativa\/wp-json\/wp\/v2\/media\/2072"}],"wp:attachment":[{"href":"https:\/\/acidh.org\/areaeducativa\/wp-json\/wp\/v2\/media?parent=2089"}],"wp:term":[{"taxonomy":"category","embeddable":true,"href":"https:\/\/acidh.org\/areaeducativa\/wp-json\/wp\/v2\/categories?post=2089"},{"taxonomy":"post_tag","embeddable":true,"href":"https:\/\/acidh.org\/areaeducativa\/wp-json\/wp\/v2\/tags?post=2089"}],"curies":[{"name":"wp","href":"https:\/\/api.w.org\/{rel}","templated":true}]}}